{"id":11298,"date":"2022-10-28T09:55:37","date_gmt":"2022-10-28T08:55:37","guid":{"rendered":"https:\/\/antea-int.com\/?p=11298"},"modified":"2023-02-27T22:04:01","modified_gmt":"2023-02-27T21:04:01","slug":"antea-anuncia-nuevo-ceo-y-anade-nuevos-consejeros-a-su-junta-directiva","status":"publish","type":"post","link":"https:\/\/antea-int.com\/es\/noticias\/antea-anuncia-nuevo-ceo-y-anade-nuevos-consejeros-a-su-junta-directiva\/","title":{"rendered":"Antea anuncia nuevo CEO y a\u00f1ade nuevos consejeros a su Junta Directiva"},"content":{"rendered":"<div class=\"vce-row-container\"><div class=\"vce-row vce-row--col-gap-0 vce-row-no-paddings vce-row-equal-height vce-row-content--top\" data-vce-full-width=\"true\" data-vce-stretch-content=\"true\" id=\"el-f34afdf0\" data-vce-do-apply=\"all el-f34afdf0\"><div class=\"vce-content-background-container\"><\/div><div class=\"vce-row-content\" data-vce-element-content=\"true\"><div class=\"vce-col vce-col--md-auto vce-col--xs-1 vce-col--xs-last vce-col--xs-first vce-col--sm-last vce-col--sm-first vce-col--md-last vce-col--lg-last vce-col--xl-last vce-col--md-first vce-col--lg-first vce-col--xl-first\" id=\"el-76d4efca\"><div class=\"vce-col-inner\" data-vce-do-apply=\"border margin background  el-76d4efca\" id=\"service-description\"><div class=\"vce-content-background-container\"><\/div><div class=\"vce-col-content\" data-vce-element-content=\"true\" data-vce-do-apply=\"padding el-76d4efca\"><div class=\"vce-row-container\" data-vce-boxed-width=\"true\"><div class=\"vce-row vce-row--col-gap-30 vce-row-content--top\" id=\"el-50d8e4f6\" data-vce-do-apply=\"all el-50d8e4f6\"><div class=\"vce-row-content\" data-vce-element-content=\"true\"><div class=\"vce-col vce-col--md-66-66p vce-col--xs-1 vce-col--xs-last vce-col--xs-first vce-col--sm-last vce-col--sm-first vce-col--md-first vce-col--lg-first vce-col--xl-first\" id=\"el-22af5f5e\"><div class=\"vce-col-inner\" data-vce-do-apply=\"border margin background  el-22af5f5e\"><div class=\"vce-col-content\" data-vce-element-content=\"true\" data-vce-do-apply=\"padding el-22af5f5e\"><div class=\"vce-text-block bg-white\"><div class=\"vce-text-block-wrapper vce\" id=\"el-d2f97e9b\" data-vce-do-apply=\"all el-d2f97e9b\"><h1><strong>Antea anuncia nuevo CEO y a\u00f1ade nuevos consejeros a su Junta Directiva<\/strong><\/h1><\/div><\/div><div class=\"vce vce-separator-container vce-separator--align-left vce-separator--style-solid\" id=\"el-fe70c6da\" data-vce-do-apply=\"margin el-fe70c6da\"><div class=\"vce-separator vce-separator--color-b-235-38-41 vce-separator--width-50 vce-separator--thickness-2\" data-vce-do-apply=\"border padding background  el-fe70c6da\"><\/div><\/div><div class=\"vce-text-block bg-white\"><div class=\"vce-text-block-wrapper vce\" id=\"el-55a2afee\" data-vce-do-apply=\"all el-55a2afee\"><p>04\/11\/2022 Antea anuncia nuevos directores para su Consejo de Administraci\u00f3n<\/p>\n<p style=\"text-align: justify;\">Antea se complace en anunciar tres nuevas incorporaciones a la Junta Directiva, lo que eleva su n\u00famero de directores a ocho. Los tres nuevos nombramientos iniciaron su mandato el pasado mes de septiembre en la junta anual de socios celebrada en Barcelona.<\/p>\n<p style=\"text-align: justify;\"><strong>Jos\u00e9 Luis Galipienso<\/strong>, vicepresidente de Auren Espa\u00f1a y director de la oficina de Auren Barcelona, ha sido nombrado <strong>nuevo CEO de la alianza<\/strong>. Jos\u00e9 Luis, que cuenta con una gran experiencia en auditor\u00eda, asesor\u00eda fiscal y finanzas, trabaja con empresas de todos los tama\u00f1os, desde compa\u00f1\u00edas gestionadas por sus propietarios hasta grandes grupos internacionales, proporcionando asesoramiento estrat\u00e9gico a nivel fiscal y empresarial. Sucede a Antoni G\u00f3mez, que tras m\u00e1s de 10 a\u00f1os al frente de la Junta, ha anunciado su jubilaci\u00f3n.<\/p>\n<p style=\"text-align: justify;\">El Sr. G\u00f3mez, comparte que \"<em>Es un gran profesional y un l\u00edder inspirador, y estoy seguro de que su dilatada experiencia y criterio llevar\u00e1n a Antea al \u00e9xito y al crecimiento profesional.<\/em>\"<\/p>\n<p style=\"text-align: justify;\">El Consejo tambi\u00e9n incorpora a <strong>Vikas Chaturvedi<\/strong>, fundador y CEO de Valuecent, con sede en la India. Con una trayectoria profesional de casi 20 a\u00f1os y miembro de Antea desde 2018, es asesor de las principales empresas multinacionales de la India y Europa. Trabaja estrechamente con varios organismos gubernamentales y desempe\u00f1a un papel catalizador en la expansi\u00f3n de los negocios entre la India y Europa. Su trabajo ha sido reconocido por varios organismos gubernamentales e instituciones.<\/p>\n<p style=\"text-align: justify;\"><strong>Cristiano Naman Vaz Toste<\/strong>, socio de TMM Associados en S\u00e3o Paulo, Brasil. Es miembro del Colegio de Abogados de S\u00e3o Paulo, y est\u00e1 especializado en Derecho Procesal Civil, Derecho Laboral y realiz\u00f3 un postgrado en Derecho Corporativo.<\/p>\n<p style=\"text-align: justify;\">\u201c<em>Estos tres perfiles profesionales, con una amplia trayectoria en el marco internacional, <strong>aportar\u00e1n un gran valor<\/strong> al d\u00eda a d\u00eda de Antea junto al resto de miembros del Consejo, adem\u00e1s de seguir potenciando la alianza tanto en tama\u00f1o como en compromiso profesional<\/em>\", afirma Ofir Angel, presidente de Antea y de Auren Israel.<\/p>\n<p style=\"text-align: justify;\">Antea es una asociaci\u00f3n internacional con representaci\u00f3n en m\u00e1s de <strong>70 pa\u00edses<\/strong>, cerca de <strong>350 oficinas<\/strong> y m\u00e1s de <strong>5000 profesionales<\/strong> de todo el mundo. La alianza ha ampliado recientemente su presencia en el continente africano, y ha reforzado su presencia en otras regiones a\u00f1adiendo m\u00e1s servicios.<\/p>\n<p style=\"letter-spacing: 0.16px; text-align: justify;\"><span style=\"letter-spacing: 0.16px;\">&nbsp;<\/span><\/p><\/div><\/div><div class=\"vce vce-separator-container vce-separator--align-left vce-separator--style-dotted\" id=\"el-eb9d7125\" data-vce-do-apply=\"margin el-eb9d7125\"><div class=\"vce-separator vce-separator--color-ba-0-0-0-0-35 vce-separator--width-50 vce-separator--thickness-2\" data-vce-do-apply=\"border padding background  el-eb9d7125\"><\/div><\/div><div class=\"vce-text-block bg-white\"><div class=\"vce-text-block-wrapper vce\" id=\"el-82bc328a\" data-vce-do-apply=\"all el-82bc328a\"><p><a href=\"http:\/\/antea-int.com\/es\/noticias-y-publicaciones\/noticias\/\"><em>volver al listado de noticias<\/em><\/a><\/p><\/div><\/div><\/div><\/div><\/div><div class=\"vce-col vce-col--md-33-34p vce-col--xs-1 vce-col--xs-last vce-col--xs-first vce-col--sm-last vce-col--sm-first vce-col--md-last vce-col--lg-last vce-col--xl-last\" id=\"el-68148413\"><div class=\"vce-col-inner\" data-vce-do-apply=\"border margin background  el-68148413\"><div class=\"vce-col-content\" data-vce-element-content=\"true\" data-vce-do-apply=\"padding el-68148413\"><div class=\"vce-single-image-container vce-single-image--align-left\"><div class=\"vce vce-single-image-wrapper\" id=\"el-2583009b\" data-vce-do-apply=\"all el-2583009b\"><figure><div class=\"vce-single-image-figure-inner\" style=\"width: 1024px;\"><a href=\"https:\/\/antea-int.com\/wp-content\/uploads\/2022\/10\/CREATIVITAT-BOARD-scaled.jpg\" data-lightbox=\"lightbox-2583009b\" class=\"vce-single-image-inner vce-single-image--absolute\" style=\"width: 100%; padding-bottom: 75%; font-size: 16px;\" data-wahfont=\"16\"><img decoding=\"async\" class=\"vce-single-image\"  width=\"1024\" height=\"768\" srcset=\"https:\/\/antea-int.com\/wp-content\/uploads\/2022\/10\/CREATIVITAT-BOARD-1024x768.jpg 1024w, https:\/\/antea-int.com\/wp-content\/uploads\/2022\/10\/CREATIVITAT-BOARD-2048x1536.jpg 2x, https:\/\/antea-int.com\/wp-content\/uploads\/2022\/10\/CREATIVITAT-BOARD-320x240.jpg 320w, https:\/\/antea-int.com\/wp-content\/uploads\/2022\/10\/CREATIVITAT-BOARD-480x360.jpg 480w, https:\/\/antea-int.com\/wp-content\/uploads\/2022\/10\/CREATIVITAT-BOARD-800x600.jpg 800w\" src=\"https:\/\/antea-int.com\/wp-content\/uploads\/2022\/10\/CREATIVITAT-BOARD-1024x768.jpg\" data-img-src=\"https:\/\/antea-int.com\/wp-content\/uploads\/2022\/10\/CREATIVITAT-BOARD-scaled.jpg\" data-attachment-id=\"11320\"  alt=\"\" title=\"CREATIVITAT BOARD\" \/><\/a><\/div><figcaption hidden=\"\"><\/figcaption><\/figure><\/div><\/div><div class=\"vce-image-masonry-gallery\"><div class=\"vce-image-masonry-gallery-wrapper vce vce-image-masonry-gallery--gap-10 vce-image-masonry-gallery--columns-3\" id=\"el-42f6eafb\" data-vce-do-apply=\"all el-42f6eafb\"><div class=\"vce-image-masonry-gallery-list\"><\/div><\/div><\/div><\/div><\/div><\/div><div class=\"vce-col vce-col--md-100p vce-col--xs-1 vce-col--xs-last vce-col--xs-first vce-col--sm-last vce-col--sm-first vce-col--md-last vce-col--lg-last vce-col--xl-last vce-col--md-first vce-col--lg-first vce-col--xl-first\" id=\"el-8489d502\"><div class=\"vce-col-inner\" data-vce-do-apply=\"border margin background  el-8489d502\"><div class=\"vce-col-content\" data-vce-element-content=\"true\" data-vce-do-apply=\"padding el-8489d502\"><div><\/div><\/div><\/div><\/div><\/div><\/div><\/div><\/div><\/div><\/div><\/div><\/div><\/div>","protected":false},"excerpt":{"rendered":"<p>04\/11\/2022 Antea anuncia nuevos directores para su Junta Directiva<\/p>\n","protected":false},"author":2,"featured_media":11329,"comment_status":"open","ping_status":"open","sticky":false,"template":"","format":"standard","meta":{"_acf_changed":false,"footnotes":""},"categories":[4,196],"tags":[87],"class_list":["post-11298","post","type-post","status-publish","format-standard","has-post-thumbnail","hentry","category-noticias","category-noticias-asociacion","tag-antea-es"],"acf":[],"yoast_head":"<!-- This site is optimized with the Yoast SEO plugin v26.9 - https:\/\/yoast.com\/product\/yoast-seo-wordpress\/ -->\n<title>Antea anuncia nuevo CEO y a\u00f1ade nuevos consejeros a su Junta Directiva : Antea<\/title>\n<meta name=\"robots\" content=\"index, follow, max-snippet:-1, max-image-preview:large, max-video-preview:-1\" \/>\n<link rel=\"canonical\" href=\"https:\/\/antea-int.com\/news\/antea-appoints-ceo-and-adds-new-directors-to-its-board\/\" \/>\n<meta property=\"og:locale\" content=\"es_ES\" \/>\n<meta property=\"og:type\" content=\"article\" \/>\n<meta property=\"og:title\" content=\"Antea anuncia nuevo CEO y a\u00f1ade nuevos consejeros a su Junta Directiva : Antea\" \/>\n<meta property=\"og:description\" content=\"04\/11\/2022 Antea anuncia nuevos directores para su Junta Directiva\" \/>\n<meta property=\"og:url\" content=\"https:\/\/antea-int.com\/news\/antea-appoints-ceo-and-adds-new-directors-to-its-board\/\" \/>\n<meta property=\"og:site_name\" content=\"Antea\" \/>\n<meta property=\"article:published_time\" content=\"2022-10-28T08:55:37+00:00\" \/>\n<meta property=\"article:modified_time\" content=\"2023-02-27T21:04:01+00:00\" \/>\n<meta property=\"og:image\" content=\"https:\/\/antea-int.com\/wp-content\/uploads\/2022\/10\/Copia-de-Copia-de-IMATGE-PRINCIPAL-WEB-NEWS.jpg\" \/>\n\t<meta property=\"og:image:width\" content=\"600\" \/>\n\t<meta property=\"og:image:height\" content=\"301\" \/>\n\t<meta property=\"og:image:type\" content=\"image\/jpeg\" \/>\n<meta name=\"author\" content=\"Antea Webmaster\" \/>\n<meta name=\"twitter:card\" content=\"summary_large_image\" \/>\n<meta name=\"twitter:creator\" content=\"@AnteaAlliance\" \/>\n<meta name=\"twitter:site\" content=\"@AnteaAlliance\" \/>\n<meta name=\"twitter:label1\" content=\"Escrito por\" \/>\n\t<meta name=\"twitter:data1\" content=\"Antea Webmaster\" \/>\n\t<meta name=\"twitter:label2\" content=\"Tiempo de lectura\" \/>\n\t<meta name=\"twitter:data2\" content=\"2 minutos\" \/>\n<script type=\"application\/ld+json\" class=\"yoast-schema-graph\">{\"@context\":\"https:\/\/schema.org\",\"@graph\":[{\"@type\":\"Article\",\"@id\":\"https:\/\/antea-int.com\/news\/antea-appoints-ceo-and-adds-new-directors-to-its-board\/#article\",\"isPartOf\":{\"@id\":\"https:\/\/antea-int.com\/news\/antea-appoints-ceo-and-adds-new-directors-to-its-board\/\"},\"author\":{\"name\":\"Antea Webmaster\",\"@id\":\"https:\/\/antea-int.com\/#\/schema\/person\/4ab898f4167b63de5404713af1979a31\"},\"headline\":\"Antea anuncia nuevo CEO y a\u00f1ade nuevos consejeros a su Junta Directiva\",\"datePublished\":\"2022-10-28T08:55:37+00:00\",\"dateModified\":\"2023-02-27T21:04:01+00:00\",\"mainEntityOfPage\":{\"@id\":\"https:\/\/antea-int.com\/news\/antea-appoints-ceo-and-adds-new-directors-to-its-board\/\"},\"wordCount\":435,\"commentCount\":0,\"publisher\":{\"@id\":\"https:\/\/antea-int.com\/#organization\"},\"image\":{\"@id\":\"https:\/\/antea-int.com\/news\/antea-appoints-ceo-and-adds-new-directors-to-its-board\/#primaryimage\"},\"thumbnailUrl\":\"https:\/\/antea-int.com\/wp-content\/uploads\/2022\/10\/Copia-de-Copia-de-IMATGE-PRINCIPAL-WEB-NEWS.jpg\",\"keywords\":[\"Antea\"],\"articleSection\":[\"Noticias\",\"Noticias asociaci\u00f3n\"],\"inLanguage\":\"es\",\"potentialAction\":[{\"@type\":\"CommentAction\",\"name\":\"Comment\",\"target\":[\"https:\/\/antea-int.com\/news\/antea-appoints-ceo-and-adds-new-directors-to-its-board\/#respond\"]}]},{\"@type\":\"WebPage\",\"@id\":\"https:\/\/antea-int.com\/news\/antea-appoints-ceo-and-adds-new-directors-to-its-board\/\",\"url\":\"https:\/\/antea-int.com\/news\/antea-appoints-ceo-and-adds-new-directors-to-its-board\/\",\"name\":\"Antea anuncia nuevo CEO y a\u00f1ade nuevos consejeros a su Junta Directiva : Antea\",\"isPartOf\":{\"@id\":\"https:\/\/antea-int.com\/#website\"},\"primaryImageOfPage\":{\"@id\":\"https:\/\/antea-int.com\/news\/antea-appoints-ceo-and-adds-new-directors-to-its-board\/#primaryimage\"},\"image\":{\"@id\":\"https:\/\/antea-int.com\/news\/antea-appoints-ceo-and-adds-new-directors-to-its-board\/#primaryimage\"},\"thumbnailUrl\":\"https:\/\/antea-int.com\/wp-content\/uploads\/2022\/10\/Copia-de-Copia-de-IMATGE-PRINCIPAL-WEB-NEWS.jpg\",\"datePublished\":\"2022-10-28T08:55:37+00:00\",\"dateModified\":\"2023-02-27T21:04:01+00:00\",\"breadcrumb\":{\"@id\":\"https:\/\/antea-int.com\/news\/antea-appoints-ceo-and-adds-new-directors-to-its-board\/#breadcrumb\"},\"inLanguage\":\"es\",\"potentialAction\":[{\"@type\":\"ReadAction\",\"target\":[\"https:\/\/antea-int.com\/news\/antea-appoints-ceo-and-adds-new-directors-to-its-board\/\"]}]},{\"@type\":\"ImageObject\",\"inLanguage\":\"es\",\"@id\":\"https:\/\/antea-int.com\/news\/antea-appoints-ceo-and-adds-new-directors-to-its-board\/#primaryimage\",\"url\":\"https:\/\/antea-int.com\/wp-content\/uploads\/2022\/10\/Copia-de-Copia-de-IMATGE-PRINCIPAL-WEB-NEWS.jpg\",\"contentUrl\":\"https:\/\/antea-int.com\/wp-content\/uploads\/2022\/10\/Copia-de-Copia-de-IMATGE-PRINCIPAL-WEB-NEWS.jpg\",\"width\":600,\"height\":301,\"caption\":\"Handshake\"},{\"@type\":\"BreadcrumbList\",\"@id\":\"https:\/\/antea-int.com\/news\/antea-appoints-ceo-and-adds-new-directors-to-its-board\/#breadcrumb\",\"itemListElement\":[{\"@type\":\"ListItem\",\"position\":1,\"name\":\"Home\",\"item\":\"https:\/\/antea-int.com\/es\/\"},{\"@type\":\"ListItem\",\"position\":2,\"name\":\"Antea anuncia nuevo CEO y a\u00f1ade nuevos consejeros a su Junta Directiva\"}]},{\"@type\":\"WebSite\",\"@id\":\"https:\/\/antea-int.com\/#website\",\"url\":\"https:\/\/antea-int.com\/\",\"name\":\"Antea\",\"description\":\"Professional Solutions Wordlwide\",\"publisher\":{\"@id\":\"https:\/\/antea-int.com\/#organization\"},\"potentialAction\":[{\"@type\":\"SearchAction\",\"target\":{\"@type\":\"EntryPoint\",\"urlTemplate\":\"https:\/\/antea-int.com\/?s={search_term_string}\"},\"query-input\":{\"@type\":\"PropertyValueSpecification\",\"valueRequired\":true,\"valueName\":\"search_term_string\"}}],\"inLanguage\":\"es\"},{\"@type\":\"Organization\",\"@id\":\"https:\/\/antea-int.com\/#organization\",\"name\":\"Antea Alliance of independent firms\",\"url\":\"https:\/\/antea-int.com\/\",\"logo\":{\"@type\":\"ImageObject\",\"inLanguage\":\"es\",\"@id\":\"https:\/\/antea-int.com\/#\/schema\/logo\/image\/\",\"url\":\"https:\/\/antea-int.com\/wp-content\/uploads\/2024\/07\/cropped-Logo-Antea-150x150-1.png\",\"contentUrl\":\"https:\/\/antea-int.com\/wp-content\/uploads\/2024\/07\/cropped-Logo-Antea-150x150-1.png\",\"width\":150,\"height\":150,\"caption\":\"Antea Alliance of independent firms\"},\"image\":{\"@id\":\"https:\/\/antea-int.com\/#\/schema\/logo\/image\/\"},\"sameAs\":[\"https:\/\/x.com\/AnteaAlliance\",\"https:\/\/www.linkedin.com\/company\/2413082\/\",\"https:\/\/www.youtube.com\/channel\/UCXABuVrCci8n8oIisnnv9SA\"]},{\"@type\":\"Person\",\"@id\":\"https:\/\/antea-int.com\/#\/schema\/person\/4ab898f4167b63de5404713af1979a31\",\"name\":\"Antea Webmaster\",\"image\":{\"@type\":\"ImageObject\",\"inLanguage\":\"es\",\"@id\":\"https:\/\/antea-int.com\/#\/schema\/person\/image\/\",\"url\":\"https:\/\/secure.gravatar.com\/avatar\/2afd2c2e86dc90ef2610d07c415697f3a5a97308aa8aa1dba6e74ba6bc731c2e?s=96&d=mm&r=g\",\"contentUrl\":\"https:\/\/secure.gravatar.com\/avatar\/2afd2c2e86dc90ef2610d07c415697f3a5a97308aa8aa1dba6e74ba6bc731c2e?s=96&d=mm&r=g\",\"caption\":\"Antea Webmaster\"}}]}<\/script>\n<!-- \/ Yoast SEO plugin. -->","yoast_head_json":{"title":"Antea anuncia nuevo CEO y a\u00f1ade nuevos consejeros a su Junta Directiva : Antea","robots":{"index":"index","follow":"follow","max-snippet":"max-snippet:-1","max-image-preview":"max-image-preview:large","max-video-preview":"max-video-preview:-1"},"canonical":"https:\/\/antea-int.com\/news\/antea-appoints-ceo-and-adds-new-directors-to-its-board\/","og_locale":"es_ES","og_type":"article","og_title":"Antea anuncia nuevo CEO y a\u00f1ade nuevos consejeros a su Junta Directiva : Antea","og_description":"04\/11\/2022 Antea anuncia nuevos directores para su Junta Directiva","og_url":"https:\/\/antea-int.com\/news\/antea-appoints-ceo-and-adds-new-directors-to-its-board\/","og_site_name":"Antea","article_published_time":"2022-10-28T08:55:37+00:00","article_modified_time":"2023-02-27T21:04:01+00:00","og_image":[{"width":600,"height":301,"url":"https:\/\/antea-int.com\/wp-content\/uploads\/2022\/10\/Copia-de-Copia-de-IMATGE-PRINCIPAL-WEB-NEWS.jpg","type":"image\/jpeg"}],"author":"Antea Webmaster","twitter_card":"summary_large_image","twitter_creator":"@AnteaAlliance","twitter_site":"@AnteaAlliance","twitter_misc":{"Escrito por":"Antea Webmaster","Tiempo de lectura":"2 minutos"},"schema":{"@context":"https:\/\/schema.org","@graph":[{"@type":"Article","@id":"https:\/\/antea-int.com\/news\/antea-appoints-ceo-and-adds-new-directors-to-its-board\/#article","isPartOf":{"@id":"https:\/\/antea-int.com\/news\/antea-appoints-ceo-and-adds-new-directors-to-its-board\/"},"author":{"name":"Antea Webmaster","@id":"https:\/\/antea-int.com\/#\/schema\/person\/4ab898f4167b63de5404713af1979a31"},"headline":"Antea anuncia nuevo CEO y a\u00f1ade nuevos consejeros a su Junta Directiva","datePublished":"2022-10-28T08:55:37+00:00","dateModified":"2023-02-27T21:04:01+00:00","mainEntityOfPage":{"@id":"https:\/\/antea-int.com\/news\/antea-appoints-ceo-and-adds-new-directors-to-its-board\/"},"wordCount":435,"commentCount":0,"publisher":{"@id":"https:\/\/antea-int.com\/#organization"},"image":{"@id":"https:\/\/antea-int.com\/news\/antea-appoints-ceo-and-adds-new-directors-to-its-board\/#primaryimage"},"thumbnailUrl":"https:\/\/antea-int.com\/wp-content\/uploads\/2022\/10\/Copia-de-Copia-de-IMATGE-PRINCIPAL-WEB-NEWS.jpg","keywords":["Antea"],"articleSection":["Noticias","Noticias asociaci\u00f3n"],"inLanguage":"es","potentialAction":[{"@type":"CommentAction","name":"Comment","target":["https:\/\/antea-int.com\/news\/antea-appoints-ceo-and-adds-new-directors-to-its-board\/#respond"]}]},{"@type":"WebPage","@id":"https:\/\/antea-int.com\/news\/antea-appoints-ceo-and-adds-new-directors-to-its-board\/","url":"https:\/\/antea-int.com\/news\/antea-appoints-ceo-and-adds-new-directors-to-its-board\/","name":"Antea anuncia nuevo CEO y a\u00f1ade nuevos consejeros a su Junta Directiva : Antea","isPartOf":{"@id":"https:\/\/antea-int.com\/#website"},"primaryImageOfPage":{"@id":"https:\/\/antea-int.com\/news\/antea-appoints-ceo-and-adds-new-directors-to-its-board\/#primaryimage"},"image":{"@id":"https:\/\/antea-int.com\/news\/antea-appoints-ceo-and-adds-new-directors-to-its-board\/#primaryimage"},"thumbnailUrl":"https:\/\/antea-int.com\/wp-content\/uploads\/2022\/10\/Copia-de-Copia-de-IMATGE-PRINCIPAL-WEB-NEWS.jpg","datePublished":"2022-10-28T08:55:37+00:00","dateModified":"2023-02-27T21:04:01+00:00","breadcrumb":{"@id":"https:\/\/antea-int.com\/news\/antea-appoints-ceo-and-adds-new-directors-to-its-board\/#breadcrumb"},"inLanguage":"es","potentialAction":[{"@type":"ReadAction","target":["https:\/\/antea-int.com\/news\/antea-appoints-ceo-and-adds-new-directors-to-its-board\/"]}]},{"@type":"ImageObject","inLanguage":"es","@id":"https:\/\/antea-int.com\/news\/antea-appoints-ceo-and-adds-new-directors-to-its-board\/#primaryimage","url":"https:\/\/antea-int.com\/wp-content\/uploads\/2022\/10\/Copia-de-Copia-de-IMATGE-PRINCIPAL-WEB-NEWS.jpg","contentUrl":"https:\/\/antea-int.com\/wp-content\/uploads\/2022\/10\/Copia-de-Copia-de-IMATGE-PRINCIPAL-WEB-NEWS.jpg","width":600,"height":301,"caption":"Handshake"},{"@type":"BreadcrumbList","@id":"https:\/\/antea-int.com\/news\/antea-appoints-ceo-and-adds-new-directors-to-its-board\/#breadcrumb","itemListElement":[{"@type":"ListItem","position":1,"name":"Home","item":"https:\/\/antea-int.com\/es\/"},{"@type":"ListItem","position":2,"name":"Antea anuncia nuevo CEO y a\u00f1ade nuevos consejeros a su Junta Directiva"}]},{"@type":"WebSite","@id":"https:\/\/antea-int.com\/#website","url":"https:\/\/antea-int.com\/","name":"Antea","description":"Professional Solutions Wordlwide","publisher":{"@id":"https:\/\/antea-int.com\/#organization"},"potentialAction":[{"@type":"SearchAction","target":{"@type":"EntryPoint","urlTemplate":"https:\/\/antea-int.com\/?s={search_term_string}"},"query-input":{"@type":"PropertyValueSpecification","valueRequired":true,"valueName":"search_term_string"}}],"inLanguage":"es"},{"@type":"Organization","@id":"https:\/\/antea-int.com\/#organization","name":"Antea Alliance of independent firms","url":"https:\/\/antea-int.com\/","logo":{"@type":"ImageObject","inLanguage":"es","@id":"https:\/\/antea-int.com\/#\/schema\/logo\/image\/","url":"https:\/\/antea-int.com\/wp-content\/uploads\/2024\/07\/cropped-Logo-Antea-150x150-1.png","contentUrl":"https:\/\/antea-int.com\/wp-content\/uploads\/2024\/07\/cropped-Logo-Antea-150x150-1.png","width":150,"height":150,"caption":"Antea Alliance of independent firms"},"image":{"@id":"https:\/\/antea-int.com\/#\/schema\/logo\/image\/"},"sameAs":["https:\/\/x.com\/AnteaAlliance","https:\/\/www.linkedin.com\/company\/2413082\/","https:\/\/www.youtube.com\/channel\/UCXABuVrCci8n8oIisnnv9SA"]},{"@type":"Person","@id":"https:\/\/antea-int.com\/#\/schema\/person\/4ab898f4167b63de5404713af1979a31","name":"Antea Webmaster","image":{"@type":"ImageObject","inLanguage":"es","@id":"https:\/\/antea-int.com\/#\/schema\/person\/image\/","url":"https:\/\/secure.gravatar.com\/avatar\/2afd2c2e86dc90ef2610d07c415697f3a5a97308aa8aa1dba6e74ba6bc731c2e?s=96&d=mm&r=g","contentUrl":"https:\/\/secure.gravatar.com\/avatar\/2afd2c2e86dc90ef2610d07c415697f3a5a97308aa8aa1dba6e74ba6bc731c2e?s=96&d=mm&r=g","caption":"Antea Webmaster"}}]}},"images":{"medium":"https:\/\/antea-int.com\/wp-content\/uploads\/2022\/10\/Copia-de-Copia-de-IMATGE-PRINCIPAL-WEB-NEWS-300x151.jpg","large":"https:\/\/antea-int.com\/wp-content\/uploads\/2022\/10\/Copia-de-Copia-de-IMATGE-PRINCIPAL-WEB-NEWS.jpg"},"_links":{"self":[{"href":"https:\/\/antea-int.com\/es\/wp-json\/wp\/v2\/posts\/11298","targetHints":{"allow":["GET"]}}],"collection":[{"href":"https:\/\/antea-int.com\/es\/wp-json\/wp\/v2\/posts"}],"about":[{"href":"https:\/\/antea-int.com\/es\/wp-json\/wp\/v2\/types\/post"}],"author":[{"embeddable":true,"href":"https:\/\/antea-int.com\/es\/wp-json\/wp\/v2\/users\/2"}],"replies":[{"embeddable":true,"href":"https:\/\/antea-int.com\/es\/wp-json\/wp\/v2\/comments?post=11298"}],"version-history":[{"count":5,"href":"https:\/\/antea-int.com\/es\/wp-json\/wp\/v2\/posts\/11298\/revisions"}],"predecessor-version":[{"id":12878,"href":"https:\/\/antea-int.com\/es\/wp-json\/wp\/v2\/posts\/11298\/revisions\/12878"}],"wp:featuredmedia":[{"embeddable":true,"href":"https:\/\/antea-int.com\/es\/wp-json\/wp\/v2\/media\/11329"}],"wp:attachment":[{"href":"https:\/\/antea-int.com\/es\/wp-json\/wp\/v2\/media?parent=11298"}],"wp:term":[{"taxonomy":"category","embeddable":true,"href":"https:\/\/antea-int.com\/es\/wp-json\/wp\/v2\/categories?post=11298"},{"taxonomy":"post_tag","embeddable":true,"href":"https:\/\/antea-int.com\/es\/wp-json\/wp\/v2\/tags?post=11298"}],"curies":[{"name":"wp","href":"https:\/\/api.w.org\/{rel}","templated":true}]}}