{"id":14711,"date":"2023-09-29T11:23:33","date_gmt":"2023-09-29T10:23:33","guid":{"rendered":"https:\/\/antea-int.com\/?p=14711"},"modified":"2023-09-29T11:59:15","modified_gmt":"2023-09-29T10:59:15","slug":"antea-se-expande-en-el-salvador-con-un-nuevo-miembro","status":"publish","type":"post","link":"https:\/\/antea-int.com\/es\/noticias\/antea-se-expande-en-el-salvador-con-un-nuevo-miembro\/","title":{"rendered":"Antea se expande en El Salvador con un nuevo miembro"},"content":{"rendered":"<div class=\"vce-row-container\"><div class=\"vce-row vce-row--col-gap-0 vce-row-no-paddings vce-row-equal-height vce-row-content--top\" data-vce-full-width=\"true\" data-vce-stretch-content=\"true\" id=\"el-1415ef48\" data-vce-do-apply=\"all el-1415ef48\"><div class=\"vce-content-background-container\"><\/div><div class=\"vce-row-content\" data-vce-element-content=\"true\"><div class=\"vce-col vce-col--md-auto vce-col--xs-1 vce-col--xs-last vce-col--xs-first vce-col--sm-last vce-col--sm-first vce-col--md-last vce-col--lg-last vce-col--xl-last vce-col--md-first vce-col--lg-first vce-col--xl-first\" id=\"el-903c61a9\"><div class=\"vce-col-inner\" data-vce-do-apply=\"border margin background  el-903c61a9\" id=\"service-description\"><div class=\"vce-content-background-container\"><\/div><div class=\"vce-col-content\" data-vce-element-content=\"true\" data-vce-do-apply=\"padding el-903c61a9\"><div class=\"vce-row-container\" data-vce-boxed-width=\"true\"><div class=\"vce-row vce-row--col-gap-30 vce-row-content--top\" id=\"el-f32e6d80\" data-vce-do-apply=\"all el-f32e6d80\"><div class=\"vce-row-content\" data-vce-element-content=\"true\"><div class=\"vce-col vce-col--md-66-66p vce-col--xs-1 vce-col--xs-last vce-col--xs-first vce-col--sm-last vce-col--sm-first vce-col--md-first vce-col--lg-first vce-col--xl-first\" id=\"el-180f7c58\"><div class=\"vce-col-inner\" data-vce-do-apply=\"border margin background  el-180f7c58\"><div class=\"vce-col-content\" data-vce-element-content=\"true\" data-vce-do-apply=\"padding el-180f7c58\"><div class=\"vce-text-block bg-white\"><div class=\"vce-text-block-wrapper vce\" id=\"el-c65f1b2c\" data-vce-do-apply=\"all el-c65f1b2c\"><h1><strong>Antea se expande en El Salvador con un nuevo miembro<\/strong><\/h1><\/div><\/div><div class=\"vce vce-separator-container vce-separator--align-left vce-separator--style-solid\" id=\"el-7cee656d\" data-vce-do-apply=\"margin el-7cee656d\"><div class=\"vce-separator vce-separator--color-b-235-38-41 vce-separator--width-50 vce-separator--thickness-2\" data-vce-do-apply=\"border padding background  el-7cee656d\"><\/div><\/div><div class=\"vce-text-block bg-white\"><div class=\"vce-text-block-wrapper vce\" id=\"el-de0cb88c\" data-vce-do-apply=\"all el-de0cb88c\"><p style=\"text-align: justify;\"><em>29\/09\/2023 Nos complace anunciar la incorporaci\u00f3n del <strong><a href=\"https:\/\/www.despachoaltamirano.com\/\">Despacho Altamirano Lacayo &amp; Asociados<\/a><\/strong>, una prestigiosa firma con sede en la ciudad capital.<\/em><\/p>\n<p>Con m\u00e1s de 45 a\u00f1os de experiencia, su equipo de abogados y notarios se especializa en una amplia gama de servicios legales, tales como: <strong>Comercial<\/strong>, <strong>Corporativo<\/strong>, <strong>Notarial<\/strong>, <strong>Laboral<\/strong>, <strong>Registral<\/strong>, <strong>Propiedad Intelectual<\/strong>, <strong>Bancario<\/strong> y <strong>Litigios<\/strong>.<\/p>\n<p>Altamirano Lacayo &amp; Asociados, dirigida por cuatro socios, cuenta con un equipo profesional que domina tanto el ingl\u00e9s como el espa\u00f1ol. Su compromiso es ofrecer servicios \u00fanicos y personalizados en un mundo cada vez m\u00e1s globalizado.<\/p>\n<p>El socio director, <strong>Oscar Adolfo Altamirano<\/strong>, afirma: \"Estamos interesados en formar parte de ANTEA para diversificar y ofrecer nuestros servicios legales a nivel global\".<\/p>\n<p style=\"letter-spacing: 0.16px;\"><span style=\"letter-spacing: 0.16px;\">&nbsp;<\/span><\/p><\/div><\/div><div class=\"vce vce-separator-container vce-separator--align-left vce-separator--style-dotted\" id=\"el-197c2b85\" data-vce-do-apply=\"margin el-197c2b85\"><div class=\"vce-separator vce-separator--color-ba-0-0-0-0-35 vce-separator--width-50 vce-separator--thickness-2\" data-vce-do-apply=\"border padding background  el-197c2b85\"><\/div><\/div><div class=\"vce-text-block bg-white\"><div class=\"vce-text-block-wrapper vce\" id=\"el-5ae7dc96\" data-vce-do-apply=\"all el-5ae7dc96\"><p><a href=\"http:\/\/antea-int.com\/es\/noticias-y-publicaciones\/noticias\/\"><em>volver al listado de noticias<\/em><\/a><\/p><\/div><\/div><\/div><\/div><\/div><div class=\"vce-col vce-col--md-33-34p vce-col--xs-1 vce-col--xs-last vce-col--xs-first vce-col--sm-last vce-col--sm-first vce-col--md-last vce-col--lg-last vce-col--xl-last\" id=\"el-c83f4534\"><div class=\"vce-col-inner\" data-vce-do-apply=\"border margin background  el-c83f4534\"><div class=\"vce-col-content\" data-vce-element-content=\"true\" data-vce-do-apply=\"padding el-c83f4534\"><div class=\"vce-single-image-container vce-single-image--align-left\"><div class=\"vce vce-single-image-wrapper\" id=\"el-8b9420a1\" data-vce-do-apply=\"all el-8b9420a1\"><figure><div class=\"vce-single-image-figure-inner\" style=\"width: 1024px;\"><a href=\"https:\/\/antea-int.com\/wp-content\/uploads\/2023\/09\/Short-presentation_Altamirano.png\" data-lightbox=\"lightbox-8b9420a1\" class=\"vce-single-image-inner vce-single-image--absolute\" style=\"width: 100%; padding-bottom: 75%; font-size: 16px;\" data-wahfont=\"16\"><img decoding=\"async\" class=\"vce-single-image\"  width=\"1024\" height=\"768\" srcset=\"https:\/\/antea-int.com\/wp-content\/uploads\/2023\/09\/Short-presentation_Altamirano-1024x768.png 1024w, https:\/\/antea-int.com\/wp-content\/uploads\/2023\/09\/Short-presentation_Altamirano-2048x1536.png 2x, https:\/\/antea-int.com\/wp-content\/uploads\/2023\/09\/Short-presentation_Altamirano-320x240.png 320w, https:\/\/antea-int.com\/wp-content\/uploads\/2023\/09\/Short-presentation_Altamirano-480x360.png 480w, https:\/\/antea-int.com\/wp-content\/uploads\/2023\/09\/Short-presentation_Altamirano-800x600.png 800w\" src=\"https:\/\/antea-int.com\/wp-content\/uploads\/2023\/09\/Short-presentation_Altamirano-1024x768.png\" data-img-src=\"https:\/\/antea-int.com\/wp-content\/uploads\/2023\/09\/Short-presentation_Altamirano.png\" data-attachment-id=\"14707\"  alt=\"\" title=\"Short presentation_Altamirano\" \/><\/a><\/div><figcaption hidden=\"\"><\/figcaption><\/figure><\/div><\/div><\/div><\/div><\/div><div class=\"vce-col vce-col--md-100p vce-col--xs-1 vce-col--xs-last vce-col--xs-first vce-col--sm-last vce-col--sm-first vce-col--md-last vce-col--lg-last vce-col--xl-last vce-col--md-first vce-col--lg-first vce-col--xl-first\" id=\"el-3c57c94c\"><div class=\"vce-col-inner\" data-vce-do-apply=\"border margin background  el-3c57c94c\"><div class=\"vce-col-content\" data-vce-element-content=\"true\" data-vce-do-apply=\"padding el-3c57c94c\"><div><\/div><\/div><\/div><\/div><\/div><\/div><\/div><\/div><\/div><\/div><\/div><\/div><\/div>","protected":false},"excerpt":{"rendered":"<p>29\/09\/2023 Nos complace anunciar la incorporaci\u00f3n de Altamirano Lacayo &#038; Asociados, una prestigiosa firma con sede en la ciudad capital.<\/p>\n","protected":false},"author":2,"featured_media":14710,"comment_status":"open","ping_status":"open","sticky":false,"template":"","format":"standard","meta":{"_acf_changed":false,"footnotes":""},"categories":[197,4],"tags":[88,146,148],"class_list":["post-14711","post","type-post","status-publish","format-standard","has-post-thumbnail","hentry","category-miembros","category-noticias","tag-miembros","tag-new-member-es","tag-newest-member-es"],"acf":[],"yoast_head":"<!-- This site is optimized with the Yoast SEO plugin v26.9 - https:\/\/yoast.com\/product\/yoast-seo-wordpress\/ -->\n<title>Antea se expande en El Salvador con un nuevo miembro<\/title>\n<meta name=\"description\" content=\"Nos complace anunciar la incorporaci\u00f3n de Altamirano Lacayo &amp; Asociados, una prestigiosa firma con sede en la ciudad capital.\" \/>\n<meta name=\"robots\" content=\"index, follow, max-snippet:-1, max-image-preview:large, max-video-preview:-1\" \/>\n<link rel=\"canonical\" href=\"https:\/\/antea-int.com\/es\/noticias\/antea-se-expande-en-el-salvador-con-un-nuevo-miembro\/\" \/>\n<meta property=\"og:locale\" content=\"es_ES\" \/>\n<meta property=\"og:type\" content=\"article\" \/>\n<meta property=\"og:title\" content=\"Antea se expande en El Salvador con un nuevo miembro\" \/>\n<meta property=\"og:description\" content=\"Nos complace anunciar la incorporaci\u00f3n de Altamirano Lacayo &amp; Asociados, una prestigiosa firma con sede en la ciudad capital.\" \/>\n<meta property=\"og:url\" content=\"https:\/\/antea-int.com\/es\/noticias\/antea-se-expande-en-el-salvador-con-un-nuevo-miembro\/\" \/>\n<meta property=\"og:site_name\" content=\"Antea\" \/>\n<meta property=\"article:published_time\" content=\"2023-09-29T10:23:33+00:00\" \/>\n<meta property=\"article:modified_time\" content=\"2023-09-29T10:59:15+00:00\" \/>\n<meta property=\"og:image\" content=\"https:\/\/antea-int.com\/wp-content\/uploads\/2023\/09\/New-member-portada.png\" \/>\n\t<meta property=\"og:image:width\" content=\"600\" \/>\n\t<meta property=\"og:image:height\" content=\"310\" \/>\n\t<meta property=\"og:image:type\" content=\"image\/png\" \/>\n<meta name=\"author\" content=\"Antea Webmaster\" \/>\n<meta name=\"twitter:card\" content=\"summary_large_image\" \/>\n<meta name=\"twitter:creator\" content=\"@AnteaAlliance\" \/>\n<meta name=\"twitter:site\" content=\"@AnteaAlliance\" \/>\n<meta name=\"twitter:label1\" content=\"Escrito por\" \/>\n\t<meta name=\"twitter:data1\" content=\"Antea Webmaster\" \/>\n\t<meta name=\"twitter:label2\" content=\"Tiempo de lectura\" \/>\n\t<meta name=\"twitter:data2\" content=\"1 minuto\" \/>\n<script type=\"application\/ld+json\" class=\"yoast-schema-graph\">{\"@context\":\"https:\/\/schema.org\",\"@graph\":[{\"@type\":\"Article\",\"@id\":\"https:\/\/antea-int.com\/es\/noticias\/antea-se-expande-en-el-salvador-con-un-nuevo-miembro\/#article\",\"isPartOf\":{\"@id\":\"https:\/\/antea-int.com\/es\/noticias\/antea-se-expande-en-el-salvador-con-un-nuevo-miembro\/\"},\"author\":{\"name\":\"Antea Webmaster\",\"@id\":\"https:\/\/antea-int.com\/#\/schema\/person\/4ab898f4167b63de5404713af1979a31\"},\"headline\":\"Antea se expande en El Salvador con un nuevo miembro\",\"datePublished\":\"2023-09-29T10:23:33+00:00\",\"dateModified\":\"2023-09-29T10:59:15+00:00\",\"mainEntityOfPage\":{\"@id\":\"https:\/\/antea-int.com\/es\/noticias\/antea-se-expande-en-el-salvador-con-un-nuevo-miembro\/\"},\"wordCount\":145,\"commentCount\":0,\"publisher\":{\"@id\":\"https:\/\/antea-int.com\/#organization\"},\"image\":{\"@id\":\"https:\/\/antea-int.com\/es\/noticias\/antea-se-expande-en-el-salvador-con-un-nuevo-miembro\/#primaryimage\"},\"thumbnailUrl\":\"https:\/\/antea-int.com\/wp-content\/uploads\/2023\/09\/New-member-portada.png\",\"keywords\":[\"Miembros\",\"new member\",\"newest member\"],\"articleSection\":[\"Miembros\",\"Noticias\"],\"inLanguage\":\"es\",\"potentialAction\":[{\"@type\":\"CommentAction\",\"name\":\"Comment\",\"target\":[\"https:\/\/antea-int.com\/es\/noticias\/antea-se-expande-en-el-salvador-con-un-nuevo-miembro\/#respond\"]}]},{\"@type\":\"WebPage\",\"@id\":\"https:\/\/antea-int.com\/es\/noticias\/antea-se-expande-en-el-salvador-con-un-nuevo-miembro\/\",\"url\":\"https:\/\/antea-int.com\/es\/noticias\/antea-se-expande-en-el-salvador-con-un-nuevo-miembro\/\",\"name\":\"Antea se expande en El Salvador con un nuevo miembro\",\"isPartOf\":{\"@id\":\"https:\/\/antea-int.com\/#website\"},\"primaryImageOfPage\":{\"@id\":\"https:\/\/antea-int.com\/es\/noticias\/antea-se-expande-en-el-salvador-con-un-nuevo-miembro\/#primaryimage\"},\"image\":{\"@id\":\"https:\/\/antea-int.com\/es\/noticias\/antea-se-expande-en-el-salvador-con-un-nuevo-miembro\/#primaryimage\"},\"thumbnailUrl\":\"https:\/\/antea-int.com\/wp-content\/uploads\/2023\/09\/New-member-portada.png\",\"datePublished\":\"2023-09-29T10:23:33+00:00\",\"dateModified\":\"2023-09-29T10:59:15+00:00\",\"description\":\"Nos complace anunciar la incorporaci\u00f3n de Altamirano Lacayo & Asociados, una prestigiosa firma con sede en la ciudad capital.\",\"breadcrumb\":{\"@id\":\"https:\/\/antea-int.com\/es\/noticias\/antea-se-expande-en-el-salvador-con-un-nuevo-miembro\/#breadcrumb\"},\"inLanguage\":\"es\",\"potentialAction\":[{\"@type\":\"ReadAction\",\"target\":[\"https:\/\/antea-int.com\/es\/noticias\/antea-se-expande-en-el-salvador-con-un-nuevo-miembro\/\"]}]},{\"@type\":\"ImageObject\",\"inLanguage\":\"es\",\"@id\":\"https:\/\/antea-int.com\/es\/noticias\/antea-se-expande-en-el-salvador-con-un-nuevo-miembro\/#primaryimage\",\"url\":\"https:\/\/antea-int.com\/wp-content\/uploads\/2023\/09\/New-member-portada.png\",\"contentUrl\":\"https:\/\/antea-int.com\/wp-content\/uploads\/2023\/09\/New-member-portada.png\",\"width\":600,\"height\":310},{\"@type\":\"BreadcrumbList\",\"@id\":\"https:\/\/antea-int.com\/es\/noticias\/antea-se-expande-en-el-salvador-con-un-nuevo-miembro\/#breadcrumb\",\"itemListElement\":[{\"@type\":\"ListItem\",\"position\":1,\"name\":\"Home\",\"item\":\"https:\/\/antea-int.com\/es\/\"},{\"@type\":\"ListItem\",\"position\":2,\"name\":\"Antea se expande en El Salvador con un nuevo miembro\"}]},{\"@type\":\"WebSite\",\"@id\":\"https:\/\/antea-int.com\/#website\",\"url\":\"https:\/\/antea-int.com\/\",\"name\":\"Antea\",\"description\":\"Professional Solutions Wordlwide\",\"publisher\":{\"@id\":\"https:\/\/antea-int.com\/#organization\"},\"potentialAction\":[{\"@type\":\"SearchAction\",\"target\":{\"@type\":\"EntryPoint\",\"urlTemplate\":\"https:\/\/antea-int.com\/?s={search_term_string}\"},\"query-input\":{\"@type\":\"PropertyValueSpecification\",\"valueRequired\":true,\"valueName\":\"search_term_string\"}}],\"inLanguage\":\"es\"},{\"@type\":\"Organization\",\"@id\":\"https:\/\/antea-int.com\/#organization\",\"name\":\"Antea Alliance of independent firms\",\"url\":\"https:\/\/antea-int.com\/\",\"logo\":{\"@type\":\"ImageObject\",\"inLanguage\":\"es\",\"@id\":\"https:\/\/antea-int.com\/#\/schema\/logo\/image\/\",\"url\":\"https:\/\/antea-int.com\/wp-content\/uploads\/2024\/07\/cropped-Logo-Antea-150x150-1.png\",\"contentUrl\":\"https:\/\/antea-int.com\/wp-content\/uploads\/2024\/07\/cropped-Logo-Antea-150x150-1.png\",\"width\":150,\"height\":150,\"caption\":\"Antea Alliance of independent firms\"},\"image\":{\"@id\":\"https:\/\/antea-int.com\/#\/schema\/logo\/image\/\"},\"sameAs\":[\"https:\/\/x.com\/AnteaAlliance\",\"https:\/\/www.linkedin.com\/company\/2413082\/\",\"https:\/\/www.youtube.com\/channel\/UCXABuVrCci8n8oIisnnv9SA\"]},{\"@type\":\"Person\",\"@id\":\"https:\/\/antea-int.com\/#\/schema\/person\/4ab898f4167b63de5404713af1979a31\",\"name\":\"Antea Webmaster\",\"image\":{\"@type\":\"ImageObject\",\"inLanguage\":\"es\",\"@id\":\"https:\/\/antea-int.com\/#\/schema\/person\/image\/\",\"url\":\"https:\/\/secure.gravatar.com\/avatar\/2afd2c2e86dc90ef2610d07c415697f3a5a97308aa8aa1dba6e74ba6bc731c2e?s=96&d=mm&r=g\",\"contentUrl\":\"https:\/\/secure.gravatar.com\/avatar\/2afd2c2e86dc90ef2610d07c415697f3a5a97308aa8aa1dba6e74ba6bc731c2e?s=96&d=mm&r=g\",\"caption\":\"Antea Webmaster\"}}]}<\/script>\n<!-- \/ Yoast SEO plugin. -->","yoast_head_json":{"title":"Antea se expande en El Salvador con un nuevo miembro","description":"Nos complace anunciar la incorporaci\u00f3n de Altamirano Lacayo & Asociados, una prestigiosa firma con sede en la ciudad capital.","robots":{"index":"index","follow":"follow","max-snippet":"max-snippet:-1","max-image-preview":"max-image-preview:large","max-video-preview":"max-video-preview:-1"},"canonical":"https:\/\/antea-int.com\/es\/noticias\/antea-se-expande-en-el-salvador-con-un-nuevo-miembro\/","og_locale":"es_ES","og_type":"article","og_title":"Antea se expande en El Salvador con un nuevo miembro","og_description":"Nos complace anunciar la incorporaci\u00f3n de Altamirano Lacayo & Asociados, una prestigiosa firma con sede en la ciudad capital.","og_url":"https:\/\/antea-int.com\/es\/noticias\/antea-se-expande-en-el-salvador-con-un-nuevo-miembro\/","og_site_name":"Antea","article_published_time":"2023-09-29T10:23:33+00:00","article_modified_time":"2023-09-29T10:59:15+00:00","og_image":[{"width":600,"height":310,"url":"https:\/\/antea-int.com\/wp-content\/uploads\/2023\/09\/New-member-portada.png","type":"image\/png"}],"author":"Antea Webmaster","twitter_card":"summary_large_image","twitter_creator":"@AnteaAlliance","twitter_site":"@AnteaAlliance","twitter_misc":{"Escrito por":"Antea Webmaster","Tiempo de lectura":"1 minuto"},"schema":{"@context":"https:\/\/schema.org","@graph":[{"@type":"Article","@id":"https:\/\/antea-int.com\/es\/noticias\/antea-se-expande-en-el-salvador-con-un-nuevo-miembro\/#article","isPartOf":{"@id":"https:\/\/antea-int.com\/es\/noticias\/antea-se-expande-en-el-salvador-con-un-nuevo-miembro\/"},"author":{"name":"Antea Webmaster","@id":"https:\/\/antea-int.com\/#\/schema\/person\/4ab898f4167b63de5404713af1979a31"},"headline":"Antea se expande en El Salvador con un nuevo miembro","datePublished":"2023-09-29T10:23:33+00:00","dateModified":"2023-09-29T10:59:15+00:00","mainEntityOfPage":{"@id":"https:\/\/antea-int.com\/es\/noticias\/antea-se-expande-en-el-salvador-con-un-nuevo-miembro\/"},"wordCount":145,"commentCount":0,"publisher":{"@id":"https:\/\/antea-int.com\/#organization"},"image":{"@id":"https:\/\/antea-int.com\/es\/noticias\/antea-se-expande-en-el-salvador-con-un-nuevo-miembro\/#primaryimage"},"thumbnailUrl":"https:\/\/antea-int.com\/wp-content\/uploads\/2023\/09\/New-member-portada.png","keywords":["Miembros","new member","newest member"],"articleSection":["Miembros","Noticias"],"inLanguage":"es","potentialAction":[{"@type":"CommentAction","name":"Comment","target":["https:\/\/antea-int.com\/es\/noticias\/antea-se-expande-en-el-salvador-con-un-nuevo-miembro\/#respond"]}]},{"@type":"WebPage","@id":"https:\/\/antea-int.com\/es\/noticias\/antea-se-expande-en-el-salvador-con-un-nuevo-miembro\/","url":"https:\/\/antea-int.com\/es\/noticias\/antea-se-expande-en-el-salvador-con-un-nuevo-miembro\/","name":"Antea se expande en El Salvador con un nuevo miembro","isPartOf":{"@id":"https:\/\/antea-int.com\/#website"},"primaryImageOfPage":{"@id":"https:\/\/antea-int.com\/es\/noticias\/antea-se-expande-en-el-salvador-con-un-nuevo-miembro\/#primaryimage"},"image":{"@id":"https:\/\/antea-int.com\/es\/noticias\/antea-se-expande-en-el-salvador-con-un-nuevo-miembro\/#primaryimage"},"thumbnailUrl":"https:\/\/antea-int.com\/wp-content\/uploads\/2023\/09\/New-member-portada.png","datePublished":"2023-09-29T10:23:33+00:00","dateModified":"2023-09-29T10:59:15+00:00","description":"Nos complace anunciar la incorporaci\u00f3n de Altamirano Lacayo & Asociados, una prestigiosa firma con sede en la ciudad capital.","breadcrumb":{"@id":"https:\/\/antea-int.com\/es\/noticias\/antea-se-expande-en-el-salvador-con-un-nuevo-miembro\/#breadcrumb"},"inLanguage":"es","potentialAction":[{"@type":"ReadAction","target":["https:\/\/antea-int.com\/es\/noticias\/antea-se-expande-en-el-salvador-con-un-nuevo-miembro\/"]}]},{"@type":"ImageObject","inLanguage":"es","@id":"https:\/\/antea-int.com\/es\/noticias\/antea-se-expande-en-el-salvador-con-un-nuevo-miembro\/#primaryimage","url":"https:\/\/antea-int.com\/wp-content\/uploads\/2023\/09\/New-member-portada.png","contentUrl":"https:\/\/antea-int.com\/wp-content\/uploads\/2023\/09\/New-member-portada.png","width":600,"height":310},{"@type":"BreadcrumbList","@id":"https:\/\/antea-int.com\/es\/noticias\/antea-se-expande-en-el-salvador-con-un-nuevo-miembro\/#breadcrumb","itemListElement":[{"@type":"ListItem","position":1,"name":"Home","item":"https:\/\/antea-int.com\/es\/"},{"@type":"ListItem","position":2,"name":"Antea se expande en El Salvador con un nuevo miembro"}]},{"@type":"WebSite","@id":"https:\/\/antea-int.com\/#website","url":"https:\/\/antea-int.com\/","name":"Antea","description":"Professional Solutions Wordlwide","publisher":{"@id":"https:\/\/antea-int.com\/#organization"},"potentialAction":[{"@type":"SearchAction","target":{"@type":"EntryPoint","urlTemplate":"https:\/\/antea-int.com\/?s={search_term_string}"},"query-input":{"@type":"PropertyValueSpecification","valueRequired":true,"valueName":"search_term_string"}}],"inLanguage":"es"},{"@type":"Organization","@id":"https:\/\/antea-int.com\/#organization","name":"Antea Alliance of independent firms","url":"https:\/\/antea-int.com\/","logo":{"@type":"ImageObject","inLanguage":"es","@id":"https:\/\/antea-int.com\/#\/schema\/logo\/image\/","url":"https:\/\/antea-int.com\/wp-content\/uploads\/2024\/07\/cropped-Logo-Antea-150x150-1.png","contentUrl":"https:\/\/antea-int.com\/wp-content\/uploads\/2024\/07\/cropped-Logo-Antea-150x150-1.png","width":150,"height":150,"caption":"Antea Alliance of independent firms"},"image":{"@id":"https:\/\/antea-int.com\/#\/schema\/logo\/image\/"},"sameAs":["https:\/\/x.com\/AnteaAlliance","https:\/\/www.linkedin.com\/company\/2413082\/","https:\/\/www.youtube.com\/channel\/UCXABuVrCci8n8oIisnnv9SA"]},{"@type":"Person","@id":"https:\/\/antea-int.com\/#\/schema\/person\/4ab898f4167b63de5404713af1979a31","name":"Antea Webmaster","image":{"@type":"ImageObject","inLanguage":"es","@id":"https:\/\/antea-int.com\/#\/schema\/person\/image\/","url":"https:\/\/secure.gravatar.com\/avatar\/2afd2c2e86dc90ef2610d07c415697f3a5a97308aa8aa1dba6e74ba6bc731c2e?s=96&d=mm&r=g","contentUrl":"https:\/\/secure.gravatar.com\/avatar\/2afd2c2e86dc90ef2610d07c415697f3a5a97308aa8aa1dba6e74ba6bc731c2e?s=96&d=mm&r=g","caption":"Antea Webmaster"}}]}},"images":{"medium":"https:\/\/antea-int.com\/wp-content\/uploads\/2023\/09\/New-member-portada-300x155.png","large":"https:\/\/antea-int.com\/wp-content\/uploads\/2023\/09\/New-member-portada.png"},"_links":{"self":[{"href":"https:\/\/antea-int.com\/es\/wp-json\/wp\/v2\/posts\/14711","targetHints":{"allow":["GET"]}}],"collection":[{"href":"https:\/\/antea-int.com\/es\/wp-json\/wp\/v2\/posts"}],"about":[{"href":"https:\/\/antea-int.com\/es\/wp-json\/wp\/v2\/types\/post"}],"author":[{"embeddable":true,"href":"https:\/\/antea-int.com\/es\/wp-json\/wp\/v2\/users\/2"}],"replies":[{"embeddable":true,"href":"https:\/\/antea-int.com\/es\/wp-json\/wp\/v2\/comments?post=14711"}],"version-history":[{"count":9,"href":"https:\/\/antea-int.com\/es\/wp-json\/wp\/v2\/posts\/14711\/revisions"}],"predecessor-version":[{"id":14722,"href":"https:\/\/antea-int.com\/es\/wp-json\/wp\/v2\/posts\/14711\/revisions\/14722"}],"wp:featuredmedia":[{"embeddable":true,"href":"https:\/\/antea-int.com\/es\/wp-json\/wp\/v2\/media\/14710"}],"wp:attachment":[{"href":"https:\/\/antea-int.com\/es\/wp-json\/wp\/v2\/media?parent=14711"}],"wp:term":[{"taxonomy":"category","embeddable":true,"href":"https:\/\/antea-int.com\/es\/wp-json\/wp\/v2\/categories?post=14711"},{"taxonomy":"post_tag","embeddable":true,"href":"https:\/\/antea-int.com\/es\/wp-json\/wp\/v2\/tags?post=14711"}],"curies":[{"name":"wp","href":"https:\/\/api.w.org\/{rel}","templated":true}]}}