{"id":16236,"date":"2024-12-13T12:15:10","date_gmt":"2024-12-13T11:15:10","guid":{"rendered":"https:\/\/antea-int.com\/?p=16236"},"modified":"2024-12-13T12:23:13","modified_gmt":"2024-12-13T11:23:13","slug":"antea-amplia-su-cobertura-de-servicios-en-el-mercado-checo-con-la-incorporacion-de-aspekt","status":"publish","type":"post","link":"https:\/\/antea-int.com\/es\/noticias\/antea-amplia-su-cobertura-de-servicios-en-el-mercado-checo-con-la-incorporacion-de-aspekt\/","title":{"rendered":"Antea ampl\u00eda su cobertura de servicios en el mercado checo con la incorporaci\u00f3n de Aspekt"},"content":{"rendered":"<div class=\"vce-row-container\"><div class=\"vce-row vce-row--col-gap-0 vce-row-no-paddings vce-row-equal-height vce-row-content--top\" data-vce-full-width=\"true\" data-vce-stretch-content=\"true\" id=\"el-11e18848\" data-vce-do-apply=\"all el-11e18848\"><div class=\"vce-content-background-container\"><\/div><div class=\"vce-row-content\" data-vce-element-content=\"true\"><div class=\"vce-col vce-col--md-auto vce-col--xs-1 vce-col--xs-last vce-col--xs-first vce-col--sm-last vce-col--sm-first vce-col--md-last vce-col--lg-last vce-col--xl-last vce-col--md-first vce-col--lg-first vce-col--xl-first\" id=\"el-4033fd9c\"><div class=\"vce-col-inner\" data-vce-do-apply=\"border margin background  el-4033fd9c\" id=\"service-description\"><div class=\"vce-content-background-container\"><\/div><div class=\"vce-col-content\" data-vce-element-content=\"true\" data-vce-do-apply=\"padding el-4033fd9c\"><div class=\"vce-row-container\" data-vce-boxed-width=\"true\"><div class=\"vce-row vce-row--col-gap-30 vce-row-content--top\" id=\"el-69ba15e1\" data-vce-do-apply=\"all el-69ba15e1\"><div class=\"vce-row-content\" data-vce-element-content=\"true\"><div class=\"vce-col vce-col--md-66-66p vce-col--xs-1 vce-col--xs-last vce-col--xs-first vce-col--sm-last vce-col--sm-first vce-col--md-first vce-col--lg-first vce-col--xl-first\" id=\"el-7f9e45a8\"><div class=\"vce-col-inner\" data-vce-do-apply=\"border margin background  el-7f9e45a8\"><div class=\"vce-col-content\" data-vce-element-content=\"true\" data-vce-do-apply=\"padding el-7f9e45a8\"><div class=\"vce-text-block bg-white\"><div class=\"vce-text-block-wrapper vce\" id=\"el-edf713b6\" data-vce-do-apply=\"all el-edf713b6\"><h1><strong>Antea ampl\u00eda su cobertura de servicios en el mercado checo con la incorporaci\u00f3n de Aspekt<\/strong><\/h1><\/div><\/div><div class=\"vce vce-separator-container vce-separator--align-left vce-separator--style-solid\" id=\"el-857a92f4\" data-vce-do-apply=\"margin el-857a92f4\"><div class=\"vce-separator vce-separator--color-b-235-38-41 vce-separator--width-50 vce-separator--thickness-2\" data-vce-do-apply=\"border padding background  el-857a92f4\"><\/div><\/div><div class=\"vce-text-block bg-white\"><div class=\"vce-text-block-wrapper vce\" id=\"el-6c769f24\" data-vce-do-apply=\"all el-6c769f24\"><p><em>13\/12\/2024 - <a href=\"https:\/\/aspekt.hm\/\">Aspekt<\/a> se integra a Antea, aportando su experiencia en el \u00e1mbito de los servicios financieros y empresariales.<\/em><\/p><p>Con sede en Praga y un equipo compuesto por m\u00e1s de 45 profesionales, que <strong>dominan el checo, eslovaco, ingl\u00e9s y alem\u00e1n<\/strong>, <a href=\"https:\/\/aspekt.hm\/\">Aspekt<\/a> ofrece servicios completos de c<strong>onsultor\u00eda fiscal, contabilidad, auditor\u00eda, gesti\u00f3n de n\u00f3minas y desarrollo de soluciones de software a medida<\/strong>. La firma combina un profundo conocimiento del mercado local con una amplia perspectiva global.<\/p><p>Entre sus \u00e1reas de especializaci\u00f3n destacan la optimizaci\u00f3n fiscal, elaboraci\u00f3n de informes financieros y&nbsp; auditor\u00edas legales, adem\u00e1s de apoyar a startups con servicios como la constituci\u00f3n y supervisi\u00f3n de empresas. Su enfoque centrado en el cliente y su versatilidad los consolidan como un aliado clave para empresas de cualquier tama\u00f1o.<\/p><p>Con su incorporaci\u00f3n, Aspekt busca fortalecer su capacidad para responder a las necesidades internacionales de sus clientes y atraer a empresas extranjeras interesadas en operar en la Rep\u00fablica Checa.<\/p><p>Es un honor contar con ellos, y estamos seguros de que esta alianza impulsar\u00e1 nuevas oportunidades para ambas partes.<\/p><\/div><\/div><div class=\"vce vce-separator-container vce-separator--align-left vce-separator--style-dotted\" id=\"el-353d241e\" data-vce-do-apply=\"margin el-353d241e\"><div class=\"vce-separator vce-separator--color-ba-0-0-0-0-35 vce-separator--width-50 vce-separator--thickness-2\" data-vce-do-apply=\"border padding background  el-353d241e\"><\/div><\/div><div class=\"vce-text-block bg-white\"><div class=\"vce-text-block-wrapper vce\" id=\"el-8049334e\" data-vce-do-apply=\"all el-8049334e\"><p><a href=\"http:\/\/antea-int.com\/es\/noticias-y-publicaciones\/noticias\/\"><em>volver al listado de noticias<\/em><\/a><\/p><\/div><\/div><\/div><\/div><\/div><div class=\"vce-col vce-col--md-33-34p vce-col--xs-1 vce-col--xs-last vce-col--xs-first vce-col--sm-last vce-col--sm-first vce-col--md-last vce-col--lg-last vce-col--xl-last\" id=\"el-87371e8b\"><div class=\"vce-col-inner\" data-vce-do-apply=\"border margin background  el-87371e8b\"><div class=\"vce-col-content\" data-vce-element-content=\"true\" data-vce-do-apply=\"padding el-87371e8b\"><div class=\"vce-single-image-container vce-single-image--align-left\"><div class=\"vce vce-single-image-wrapper\" id=\"el-e1ff871c\" data-vce-do-apply=\"all el-e1ff871c\"><figure><div class=\"vce-single-image-figure-inner\" style=\"width: 1024px;\"><a href=\"https:\/\/antea-int.com\/wp-content\/uploads\/2024\/12\/ASPEKT-WEBIN-2.png\" data-lightbox=\"lightbox-e1ff871c\" class=\"vce-single-image-inner vce-single-image--absolute\" style=\"width: 100%; padding-bottom: 75%;\"><img decoding=\"async\" class=\"vce-single-image\"  width=\"1024\" height=\"768\" srcset=\"https:\/\/antea-int.com\/wp-content\/uploads\/2024\/12\/ASPEKT-WEBIN-2-1024x768.png 1024w, https:\/\/antea-int.com\/wp-content\/uploads\/2024\/12\/ASPEKT-WEBIN-2-2048x1536.png 2x, https:\/\/antea-int.com\/wp-content\/uploads\/2024\/12\/ASPEKT-WEBIN-2-320x240.png 320w, https:\/\/antea-int.com\/wp-content\/uploads\/2024\/12\/ASPEKT-WEBIN-2-480x360.png 480w, https:\/\/antea-int.com\/wp-content\/uploads\/2024\/12\/ASPEKT-WEBIN-2-800x600.png 800w\" src=\"https:\/\/antea-int.com\/wp-content\/uploads\/2024\/12\/ASPEKT-WEBIN-2-1024x768.png\" data-img-src=\"https:\/\/antea-int.com\/wp-content\/uploads\/2024\/12\/ASPEKT-WEBIN-2.png\" data-attachment-id=\"16234\"  alt=\"This image announces a new member in the Czech Republic joining Antea, an alliance of independent firms. The upper section features the Antea logo and the text \"New Member in the Czech Republic.\" The central portion displays the logo of the firm, ASPEKT HM, alongside the contact information of Michal V\u011btrovec, including his email and website. Below, the firm's services are listed: tax consultancy, financial accounting, auditing, payroll, and custom software. On the right side, there is a portrait of Michal V\u011btrovec in professional attire, smiling confidently.\" title=\"ASPEKT WEBIN (2)\" \/><\/a><\/div><figcaption hidden=\"\"><\/figcaption><\/figure><\/div><\/div><\/div><\/div><\/div><div class=\"vce-col vce-col--md-100p vce-col--xs-1 vce-col--xs-last vce-col--xs-first vce-col--sm-last vce-col--sm-first vce-col--md-last vce-col--lg-last vce-col--xl-last vce-col--md-first vce-col--lg-first vce-col--xl-first\" id=\"el-fa4f5b6c\"><div class=\"vce-col-inner\" data-vce-do-apply=\"border margin background  el-fa4f5b6c\"><div class=\"vce-col-content\" data-vce-element-content=\"true\" data-vce-do-apply=\"padding el-fa4f5b6c\"><div class=\"vcv-row-control-wrapper\"><\/div><\/div><\/div><\/div><\/div><\/div><\/div><\/div><\/div><\/div><\/div><\/div><\/div>","protected":false},"excerpt":{"rendered":"<p>13\/12\/2024 &#8211; Aspekt se integra a Antea, aportando su experiencia en el \u00e1mbito de los servicios financieros y empresariales<\/p>\n","protected":false},"author":2,"featured_media":16231,"comment_status":"open","ping_status":"open","sticky":false,"template":"","format":"standard","meta":{"_acf_changed":false,"footnotes":""},"categories":[197,4],"tags":[146,207],"class_list":["post-16236","post","type-post","status-publish","format-standard","has-post-thumbnail","hentry","category-miembros","category-noticias","tag-new-member-es","tag-international-es"],"acf":[],"yoast_head":"<!-- This site is optimized with the Yoast SEO plugin v26.9 - https:\/\/yoast.com\/product\/yoast-seo-wordpress\/ -->\n<title>Antea se expande al mercado checo con una nueva incorporaci\u00f3n<\/title>\n<meta name=\"description\" content=\"Aspekt se integra a Antea, aportando su experiencia en el \u00e1mbito de los servicios financieros y empresariales\" \/>\n<meta name=\"robots\" content=\"index, follow, max-snippet:-1, max-image-preview:large, max-video-preview:-1\" \/>\n<link rel=\"canonical\" href=\"https:\/\/antea-int.com\/es\/noticias\/antea-amplia-su-cobertura-de-servicios-en-el-mercado-checo-con-la-incorporacion-de-aspekt\/\" \/>\n<meta property=\"og:locale\" content=\"es_ES\" \/>\n<meta property=\"og:type\" content=\"article\" \/>\n<meta property=\"og:title\" content=\"Antea se expande al mercado checo con una nueva incorporaci\u00f3n\" \/>\n<meta property=\"og:description\" content=\"Aspekt se integra a Antea, aportando su experiencia en el \u00e1mbito de los servicios financieros y empresariales\" \/>\n<meta property=\"og:url\" content=\"https:\/\/antea-int.com\/es\/noticias\/antea-amplia-su-cobertura-de-servicios-en-el-mercado-checo-con-la-incorporacion-de-aspekt\/\" \/>\n<meta property=\"og:site_name\" content=\"Antea\" \/>\n<meta property=\"article:published_time\" content=\"2024-12-13T11:15:10+00:00\" \/>\n<meta property=\"article:modified_time\" content=\"2024-12-13T11:23:13+00:00\" \/>\n<meta property=\"og:image\" content=\"https:\/\/antea-int.com\/wp-content\/uploads\/2024\/12\/LIKE-IT-5.png\" \/>\n\t<meta property=\"og:image:width\" content=\"600\" \/>\n\t<meta property=\"og:image:height\" content=\"310\" \/>\n\t<meta property=\"og:image:type\" content=\"image\/png\" \/>\n<meta name=\"author\" content=\"Antea Webmaster\" \/>\n<meta name=\"twitter:card\" content=\"summary_large_image\" \/>\n<meta name=\"twitter:creator\" content=\"@AnteaAlliance\" \/>\n<meta name=\"twitter:site\" content=\"@AnteaAlliance\" \/>\n<meta name=\"twitter:label1\" content=\"Escrito por\" \/>\n\t<meta name=\"twitter:data1\" content=\"Antea Webmaster\" \/>\n\t<meta name=\"twitter:label2\" content=\"Tiempo de lectura\" \/>\n\t<meta name=\"twitter:data2\" content=\"1 minuto\" \/>\n<script type=\"application\/ld+json\" class=\"yoast-schema-graph\">{\"@context\":\"https:\/\/schema.org\",\"@graph\":[{\"@type\":\"Article\",\"@id\":\"https:\/\/antea-int.com\/es\/noticias\/antea-amplia-su-cobertura-de-servicios-en-el-mercado-checo-con-la-incorporacion-de-aspekt\/#article\",\"isPartOf\":{\"@id\":\"https:\/\/antea-int.com\/es\/noticias\/antea-amplia-su-cobertura-de-servicios-en-el-mercado-checo-con-la-incorporacion-de-aspekt\/\"},\"author\":{\"name\":\"Antea Webmaster\",\"@id\":\"https:\/\/antea-int.com\/#\/schema\/person\/4ab898f4167b63de5404713af1979a31\"},\"headline\":\"Antea ampl\u00eda su cobertura de servicios en el mercado checo con la incorporaci\u00f3n de Aspekt\",\"datePublished\":\"2024-12-13T11:15:10+00:00\",\"dateModified\":\"2024-12-13T11:23:13+00:00\",\"mainEntityOfPage\":{\"@id\":\"https:\/\/antea-int.com\/es\/noticias\/antea-amplia-su-cobertura-de-servicios-en-el-mercado-checo-con-la-incorporacion-de-aspekt\/\"},\"wordCount\":227,\"commentCount\":0,\"publisher\":{\"@id\":\"https:\/\/antea-int.com\/#organization\"},\"image\":{\"@id\":\"https:\/\/antea-int.com\/es\/noticias\/antea-amplia-su-cobertura-de-servicios-en-el-mercado-checo-con-la-incorporacion-de-aspekt\/#primaryimage\"},\"thumbnailUrl\":\"https:\/\/antea-int.com\/wp-content\/uploads\/2024\/12\/LIKE-IT-5.png\",\"keywords\":[\"new member\",\"International\"],\"articleSection\":[\"Miembros\",\"Noticias\"],\"inLanguage\":\"es\",\"potentialAction\":[{\"@type\":\"CommentAction\",\"name\":\"Comment\",\"target\":[\"https:\/\/antea-int.com\/es\/noticias\/antea-amplia-su-cobertura-de-servicios-en-el-mercado-checo-con-la-incorporacion-de-aspekt\/#respond\"]}]},{\"@type\":\"WebPage\",\"@id\":\"https:\/\/antea-int.com\/es\/noticias\/antea-amplia-su-cobertura-de-servicios-en-el-mercado-checo-con-la-incorporacion-de-aspekt\/\",\"url\":\"https:\/\/antea-int.com\/es\/noticias\/antea-amplia-su-cobertura-de-servicios-en-el-mercado-checo-con-la-incorporacion-de-aspekt\/\",\"name\":\"Antea se expande al mercado checo con una nueva incorporaci\u00f3n\",\"isPartOf\":{\"@id\":\"https:\/\/antea-int.com\/#website\"},\"primaryImageOfPage\":{\"@id\":\"https:\/\/antea-int.com\/es\/noticias\/antea-amplia-su-cobertura-de-servicios-en-el-mercado-checo-con-la-incorporacion-de-aspekt\/#primaryimage\"},\"image\":{\"@id\":\"https:\/\/antea-int.com\/es\/noticias\/antea-amplia-su-cobertura-de-servicios-en-el-mercado-checo-con-la-incorporacion-de-aspekt\/#primaryimage\"},\"thumbnailUrl\":\"https:\/\/antea-int.com\/wp-content\/uploads\/2024\/12\/LIKE-IT-5.png\",\"datePublished\":\"2024-12-13T11:15:10+00:00\",\"dateModified\":\"2024-12-13T11:23:13+00:00\",\"description\":\"Aspekt se integra a Antea, aportando su experiencia en el \u00e1mbito de los servicios financieros y empresariales\",\"breadcrumb\":{\"@id\":\"https:\/\/antea-int.com\/es\/noticias\/antea-amplia-su-cobertura-de-servicios-en-el-mercado-checo-con-la-incorporacion-de-aspekt\/#breadcrumb\"},\"inLanguage\":\"es\",\"potentialAction\":[{\"@type\":\"ReadAction\",\"target\":[\"https:\/\/antea-int.com\/es\/noticias\/antea-amplia-su-cobertura-de-servicios-en-el-mercado-checo-con-la-incorporacion-de-aspekt\/\"]}]},{\"@type\":\"ImageObject\",\"inLanguage\":\"es\",\"@id\":\"https:\/\/antea-int.com\/es\/noticias\/antea-amplia-su-cobertura-de-servicios-en-el-mercado-checo-con-la-incorporacion-de-aspekt\/#primaryimage\",\"url\":\"https:\/\/antea-int.com\/wp-content\/uploads\/2024\/12\/LIKE-IT-5.png\",\"contentUrl\":\"https:\/\/antea-int.com\/wp-content\/uploads\/2024\/12\/LIKE-IT-5.png\",\"width\":600,\"height\":310},{\"@type\":\"BreadcrumbList\",\"@id\":\"https:\/\/antea-int.com\/es\/noticias\/antea-amplia-su-cobertura-de-servicios-en-el-mercado-checo-con-la-incorporacion-de-aspekt\/#breadcrumb\",\"itemListElement\":[{\"@type\":\"ListItem\",\"position\":1,\"name\":\"Home\",\"item\":\"https:\/\/antea-int.com\/es\/\"},{\"@type\":\"ListItem\",\"position\":2,\"name\":\"Antea ampl\u00eda su cobertura de servicios en el mercado checo con la incorporaci\u00f3n de Aspekt\"}]},{\"@type\":\"WebSite\",\"@id\":\"https:\/\/antea-int.com\/#website\",\"url\":\"https:\/\/antea-int.com\/\",\"name\":\"Antea\",\"description\":\"Professional Solutions Wordlwide\",\"publisher\":{\"@id\":\"https:\/\/antea-int.com\/#organization\"},\"potentialAction\":[{\"@type\":\"SearchAction\",\"target\":{\"@type\":\"EntryPoint\",\"urlTemplate\":\"https:\/\/antea-int.com\/?s={search_term_string}\"},\"query-input\":{\"@type\":\"PropertyValueSpecification\",\"valueRequired\":true,\"valueName\":\"search_term_string\"}}],\"inLanguage\":\"es\"},{\"@type\":\"Organization\",\"@id\":\"https:\/\/antea-int.com\/#organization\",\"name\":\"Antea Alliance of independent firms\",\"url\":\"https:\/\/antea-int.com\/\",\"logo\":{\"@type\":\"ImageObject\",\"inLanguage\":\"es\",\"@id\":\"https:\/\/antea-int.com\/#\/schema\/logo\/image\/\",\"url\":\"https:\/\/antea-int.com\/wp-content\/uploads\/2024\/07\/cropped-Logo-Antea-150x150-1.png\",\"contentUrl\":\"https:\/\/antea-int.com\/wp-content\/uploads\/2024\/07\/cropped-Logo-Antea-150x150-1.png\",\"width\":150,\"height\":150,\"caption\":\"Antea Alliance of independent firms\"},\"image\":{\"@id\":\"https:\/\/antea-int.com\/#\/schema\/logo\/image\/\"},\"sameAs\":[\"https:\/\/x.com\/AnteaAlliance\",\"https:\/\/www.linkedin.com\/company\/2413082\/\",\"https:\/\/www.youtube.com\/channel\/UCXABuVrCci8n8oIisnnv9SA\"]},{\"@type\":\"Person\",\"@id\":\"https:\/\/antea-int.com\/#\/schema\/person\/4ab898f4167b63de5404713af1979a31\",\"name\":\"Antea Webmaster\",\"image\":{\"@type\":\"ImageObject\",\"inLanguage\":\"es\",\"@id\":\"https:\/\/antea-int.com\/#\/schema\/person\/image\/\",\"url\":\"https:\/\/secure.gravatar.com\/avatar\/2afd2c2e86dc90ef2610d07c415697f3a5a97308aa8aa1dba6e74ba6bc731c2e?s=96&d=mm&r=g\",\"contentUrl\":\"https:\/\/secure.gravatar.com\/avatar\/2afd2c2e86dc90ef2610d07c415697f3a5a97308aa8aa1dba6e74ba6bc731c2e?s=96&d=mm&r=g\",\"caption\":\"Antea Webmaster\"}}]}<\/script>\n<!-- \/ Yoast SEO plugin. -->","yoast_head_json":{"title":"Antea se expande al mercado checo con una nueva incorporaci\u00f3n","description":"Aspekt se integra a Antea, aportando su experiencia en el \u00e1mbito de los servicios financieros y empresariales","robots":{"index":"index","follow":"follow","max-snippet":"max-snippet:-1","max-image-preview":"max-image-preview:large","max-video-preview":"max-video-preview:-1"},"canonical":"https:\/\/antea-int.com\/es\/noticias\/antea-amplia-su-cobertura-de-servicios-en-el-mercado-checo-con-la-incorporacion-de-aspekt\/","og_locale":"es_ES","og_type":"article","og_title":"Antea se expande al mercado checo con una nueva incorporaci\u00f3n","og_description":"Aspekt se integra a Antea, aportando su experiencia en el \u00e1mbito de los servicios financieros y empresariales","og_url":"https:\/\/antea-int.com\/es\/noticias\/antea-amplia-su-cobertura-de-servicios-en-el-mercado-checo-con-la-incorporacion-de-aspekt\/","og_site_name":"Antea","article_published_time":"2024-12-13T11:15:10+00:00","article_modified_time":"2024-12-13T11:23:13+00:00","og_image":[{"width":600,"height":310,"url":"https:\/\/antea-int.com\/wp-content\/uploads\/2024\/12\/LIKE-IT-5.png","type":"image\/png"}],"author":"Antea Webmaster","twitter_card":"summary_large_image","twitter_creator":"@AnteaAlliance","twitter_site":"@AnteaAlliance","twitter_misc":{"Escrito por":"Antea Webmaster","Tiempo de lectura":"1 minuto"},"schema":{"@context":"https:\/\/schema.org","@graph":[{"@type":"Article","@id":"https:\/\/antea-int.com\/es\/noticias\/antea-amplia-su-cobertura-de-servicios-en-el-mercado-checo-con-la-incorporacion-de-aspekt\/#article","isPartOf":{"@id":"https:\/\/antea-int.com\/es\/noticias\/antea-amplia-su-cobertura-de-servicios-en-el-mercado-checo-con-la-incorporacion-de-aspekt\/"},"author":{"name":"Antea Webmaster","@id":"https:\/\/antea-int.com\/#\/schema\/person\/4ab898f4167b63de5404713af1979a31"},"headline":"Antea ampl\u00eda su cobertura de servicios en el mercado checo con la incorporaci\u00f3n de Aspekt","datePublished":"2024-12-13T11:15:10+00:00","dateModified":"2024-12-13T11:23:13+00:00","mainEntityOfPage":{"@id":"https:\/\/antea-int.com\/es\/noticias\/antea-amplia-su-cobertura-de-servicios-en-el-mercado-checo-con-la-incorporacion-de-aspekt\/"},"wordCount":227,"commentCount":0,"publisher":{"@id":"https:\/\/antea-int.com\/#organization"},"image":{"@id":"https:\/\/antea-int.com\/es\/noticias\/antea-amplia-su-cobertura-de-servicios-en-el-mercado-checo-con-la-incorporacion-de-aspekt\/#primaryimage"},"thumbnailUrl":"https:\/\/antea-int.com\/wp-content\/uploads\/2024\/12\/LIKE-IT-5.png","keywords":["new member","International"],"articleSection":["Miembros","Noticias"],"inLanguage":"es","potentialAction":[{"@type":"CommentAction","name":"Comment","target":["https:\/\/antea-int.com\/es\/noticias\/antea-amplia-su-cobertura-de-servicios-en-el-mercado-checo-con-la-incorporacion-de-aspekt\/#respond"]}]},{"@type":"WebPage","@id":"https:\/\/antea-int.com\/es\/noticias\/antea-amplia-su-cobertura-de-servicios-en-el-mercado-checo-con-la-incorporacion-de-aspekt\/","url":"https:\/\/antea-int.com\/es\/noticias\/antea-amplia-su-cobertura-de-servicios-en-el-mercado-checo-con-la-incorporacion-de-aspekt\/","name":"Antea se expande al mercado checo con una nueva incorporaci\u00f3n","isPartOf":{"@id":"https:\/\/antea-int.com\/#website"},"primaryImageOfPage":{"@id":"https:\/\/antea-int.com\/es\/noticias\/antea-amplia-su-cobertura-de-servicios-en-el-mercado-checo-con-la-incorporacion-de-aspekt\/#primaryimage"},"image":{"@id":"https:\/\/antea-int.com\/es\/noticias\/antea-amplia-su-cobertura-de-servicios-en-el-mercado-checo-con-la-incorporacion-de-aspekt\/#primaryimage"},"thumbnailUrl":"https:\/\/antea-int.com\/wp-content\/uploads\/2024\/12\/LIKE-IT-5.png","datePublished":"2024-12-13T11:15:10+00:00","dateModified":"2024-12-13T11:23:13+00:00","description":"Aspekt se integra a Antea, aportando su experiencia en el \u00e1mbito de los servicios financieros y empresariales","breadcrumb":{"@id":"https:\/\/antea-int.com\/es\/noticias\/antea-amplia-su-cobertura-de-servicios-en-el-mercado-checo-con-la-incorporacion-de-aspekt\/#breadcrumb"},"inLanguage":"es","potentialAction":[{"@type":"ReadAction","target":["https:\/\/antea-int.com\/es\/noticias\/antea-amplia-su-cobertura-de-servicios-en-el-mercado-checo-con-la-incorporacion-de-aspekt\/"]}]},{"@type":"ImageObject","inLanguage":"es","@id":"https:\/\/antea-int.com\/es\/noticias\/antea-amplia-su-cobertura-de-servicios-en-el-mercado-checo-con-la-incorporacion-de-aspekt\/#primaryimage","url":"https:\/\/antea-int.com\/wp-content\/uploads\/2024\/12\/LIKE-IT-5.png","contentUrl":"https:\/\/antea-int.com\/wp-content\/uploads\/2024\/12\/LIKE-IT-5.png","width":600,"height":310},{"@type":"BreadcrumbList","@id":"https:\/\/antea-int.com\/es\/noticias\/antea-amplia-su-cobertura-de-servicios-en-el-mercado-checo-con-la-incorporacion-de-aspekt\/#breadcrumb","itemListElement":[{"@type":"ListItem","position":1,"name":"Home","item":"https:\/\/antea-int.com\/es\/"},{"@type":"ListItem","position":2,"name":"Antea ampl\u00eda su cobertura de servicios en el mercado checo con la incorporaci\u00f3n de Aspekt"}]},{"@type":"WebSite","@id":"https:\/\/antea-int.com\/#website","url":"https:\/\/antea-int.com\/","name":"Antea","description":"Professional Solutions Wordlwide","publisher":{"@id":"https:\/\/antea-int.com\/#organization"},"potentialAction":[{"@type":"SearchAction","target":{"@type":"EntryPoint","urlTemplate":"https:\/\/antea-int.com\/?s={search_term_string}"},"query-input":{"@type":"PropertyValueSpecification","valueRequired":true,"valueName":"search_term_string"}}],"inLanguage":"es"},{"@type":"Organization","@id":"https:\/\/antea-int.com\/#organization","name":"Antea Alliance of independent firms","url":"https:\/\/antea-int.com\/","logo":{"@type":"ImageObject","inLanguage":"es","@id":"https:\/\/antea-int.com\/#\/schema\/logo\/image\/","url":"https:\/\/antea-int.com\/wp-content\/uploads\/2024\/07\/cropped-Logo-Antea-150x150-1.png","contentUrl":"https:\/\/antea-int.com\/wp-content\/uploads\/2024\/07\/cropped-Logo-Antea-150x150-1.png","width":150,"height":150,"caption":"Antea Alliance of independent firms"},"image":{"@id":"https:\/\/antea-int.com\/#\/schema\/logo\/image\/"},"sameAs":["https:\/\/x.com\/AnteaAlliance","https:\/\/www.linkedin.com\/company\/2413082\/","https:\/\/www.youtube.com\/channel\/UCXABuVrCci8n8oIisnnv9SA"]},{"@type":"Person","@id":"https:\/\/antea-int.com\/#\/schema\/person\/4ab898f4167b63de5404713af1979a31","name":"Antea Webmaster","image":{"@type":"ImageObject","inLanguage":"es","@id":"https:\/\/antea-int.com\/#\/schema\/person\/image\/","url":"https:\/\/secure.gravatar.com\/avatar\/2afd2c2e86dc90ef2610d07c415697f3a5a97308aa8aa1dba6e74ba6bc731c2e?s=96&d=mm&r=g","contentUrl":"https:\/\/secure.gravatar.com\/avatar\/2afd2c2e86dc90ef2610d07c415697f3a5a97308aa8aa1dba6e74ba6bc731c2e?s=96&d=mm&r=g","caption":"Antea Webmaster"}}]}},"images":{"medium":"https:\/\/antea-int.com\/wp-content\/uploads\/2024\/12\/LIKE-IT-5-300x155.png","large":"https:\/\/antea-int.com\/wp-content\/uploads\/2024\/12\/LIKE-IT-5.png"},"_links":{"self":[{"href":"https:\/\/antea-int.com\/es\/wp-json\/wp\/v2\/posts\/16236","targetHints":{"allow":["GET"]}}],"collection":[{"href":"https:\/\/antea-int.com\/es\/wp-json\/wp\/v2\/posts"}],"about":[{"href":"https:\/\/antea-int.com\/es\/wp-json\/wp\/v2\/types\/post"}],"author":[{"embeddable":true,"href":"https:\/\/antea-int.com\/es\/wp-json\/wp\/v2\/users\/2"}],"replies":[{"embeddable":true,"href":"https:\/\/antea-int.com\/es\/wp-json\/wp\/v2\/comments?post=16236"}],"version-history":[{"count":2,"href":"https:\/\/antea-int.com\/es\/wp-json\/wp\/v2\/posts\/16236\/revisions"}],"predecessor-version":[{"id":16238,"href":"https:\/\/antea-int.com\/es\/wp-json\/wp\/v2\/posts\/16236\/revisions\/16238"}],"wp:featuredmedia":[{"embeddable":true,"href":"https:\/\/antea-int.com\/es\/wp-json\/wp\/v2\/media\/16231"}],"wp:attachment":[{"href":"https:\/\/antea-int.com\/es\/wp-json\/wp\/v2\/media?parent=16236"}],"wp:term":[{"taxonomy":"category","embeddable":true,"href":"https:\/\/antea-int.com\/es\/wp-json\/wp\/v2\/categories?post=16236"},{"taxonomy":"post_tag","embeddable":true,"href":"https:\/\/antea-int.com\/es\/wp-json\/wp\/v2\/tags?post=16236"}],"curies":[{"name":"wp","href":"https:\/\/api.w.org\/{rel}","templated":true}]}}