{"id":16860,"date":"2025-05-30T10:38:34","date_gmt":"2025-05-30T09:38:34","guid":{"rendered":"https:\/\/antea-int.com\/?p=16860"},"modified":"2025-05-30T10:41:48","modified_gmt":"2025-05-30T09:41:48","slug":"berlin-acogio-una-nueva-y-exitosa-edicion-de-la-conferencia-emea-de-antea","status":"publish","type":"post","link":"https:\/\/antea-int.com\/es\/eventos\/berlin-acogio-una-nueva-y-exitosa-edicion-de-la-conferencia-emea-de-antea\/","title":{"rendered":"Berl\u00edn acogi\u00f3 una nueva y exitosa edici\u00f3n de la Conferencia EMEA de ANTEA"},"content":{"rendered":"<div class=\"vce-row-container\"><div class=\"vce-row vce-row--col-gap-0 vce-row-no-paddings vce-row-equal-height vce-row-content--top\" data-vce-full-width=\"true\" data-vce-stretch-content=\"true\" id=\"el-9fcca510\" data-vce-do-apply=\"all el-9fcca510\"><div class=\"vce-content-background-container\"><\/div><div class=\"vce-row-content\" data-vce-element-content=\"true\"><div class=\"vce-col vce-col--md-auto vce-col--xs-1 vce-col--xs-last vce-col--xs-first vce-col--sm-last vce-col--sm-first vce-col--md-last vce-col--lg-last vce-col--xl-last vce-col--md-first vce-col--lg-first vce-col--xl-first\" id=\"el-323ece14\"><div class=\"vce-col-inner\" data-vce-do-apply=\"border margin background  el-323ece14\" id=\"service-description\"><div class=\"vce-content-background-container\"><\/div><div class=\"vce-col-content\" data-vce-element-content=\"true\" data-vce-do-apply=\"padding el-323ece14\"><div class=\"vce-row-container\" data-vce-boxed-width=\"true\"><div class=\"vce-row vce-row--col-gap-30 vce-row-content--top\" id=\"el-5e5dc519\" data-vce-do-apply=\"all el-5e5dc519\"><div class=\"vce-row-content\" data-vce-element-content=\"true\"><div class=\"vce-col vce-col--md-66-66p vce-col--xs-1 vce-col--xs-last vce-col--xs-first vce-col--sm-last vce-col--sm-first vce-col--md-first vce-col--lg-first vce-col--xl-first\" id=\"el-9c7b62d6\"><div class=\"vce-col-inner\" data-vce-do-apply=\"border margin background  el-9c7b62d6\"><div class=\"vce-col-content\" data-vce-element-content=\"true\" data-vce-do-apply=\"padding el-9c7b62d6\"><div class=\"vce-text-block bg-white\"><div class=\"vce-text-block-wrapper vce\" id=\"el-8b801a39\" data-vce-do-apply=\"all el-8b801a39\"><p><span style=\"font-size: 24pt;\"><strong>Berl\u00edn acogi\u00f3 una nueva y exitosa edici\u00f3n de la Conferencia EMEA de ANTEA<\/strong><\/span><\/p><\/div><\/div><div class=\"vce vce-separator-container vce-separator--align-left vce-separator--style-solid\" id=\"el-a1c54c74\" data-vce-do-apply=\"margin el-a1c54c74\"><div class=\"vce-separator vce-separator--color-b-235-38-41 vce-separator--width-50 vce-separator--thickness-2\" data-vce-do-apply=\"border padding background  el-a1c54c74\"><\/div><\/div><div class=\"vce-text-block bg-white\"><div class=\"vce-text-block-wrapper vce\" id=\"el-1c5af75b\" data-vce-do-apply=\"all el-1c5af75b\"><p><em>30\/05\/2025 Antea celebr\u00f3 recientemente su 17\u00aa Conferencia Regional EMEA en la emblem\u00e1tica ciudad de Berl\u00edn. <\/em><\/p><p style=\"text-align: justify;\">El evento reuni\u00f3 a cerca de 50 profesionales procedentes de unos 20 pa\u00edses, incluyendo la incorporaci\u00f3n m\u00e1s reciente: Elsavco, desde Chipre.<\/p><p>La jornada se inici\u00f3 con una c\u00e1lida bienvenida por parte de nuestros miembros anfitriones, Vierhaus y Auren Berl\u00edn, seguida del discurso de apertura a cargo de Ofir Angel, presidente de Antea.<\/p><p>Como es habitual en cada edici\u00f3n, la agenda combin\u00f3 sesiones t\u00e9cnicas con espacios m\u00e1s interactivos. Varios de nuestros miembros compartieron breves presentaciones sobre temas de actualidad, ofreciendo ideas pr\u00e1cticas aplicables a nuestro trabajo diario. Estas intervenciones enriquecieron el contenido del evento y fomentaron el intercambio de conocimientos entre los asistentes.<\/p><p>Adem\u00e1s, contamos con la participaci\u00f3n especial del profesor Dr. Heribert Dieter, quien aport\u00f3 una valiosa visi\u00f3n sobre las relaciones econ\u00f3micas internacionales actuales, la evoluci\u00f3n de la globalizaci\u00f3n y su impacto en las empresas a nivel mundial.<\/p><p>M\u00e1s all\u00e1 de ser un encuentro profesional, el programa permiti\u00f3 estrechar lazos, ampliar redes de contacto y disfrutar del dinamismo cultural y el encanto hist\u00f3rico de la ciudad.<\/p><p>Queremos agradecer a todos los participantes, organizadores y anfitriones por su entusiasmo y valiosas aportaciones, que hicieron de esta edici\u00f3n todo un \u00e9xito.<\/p><p>A continuaci\u00f3n, os compartimos un v\u00eddeo resumen con algunos de los mejores momentos vividos durante el evento:<\/p><\/div><\/div><div class=\"vce-image-masonry-gallery\"><div class=\"vce-image-masonry-gallery-wrapper vce vce-image-masonry-gallery--gap-10 vce-image-masonry-gallery--columns-5\" id=\"el-13692ab2\" data-vce-do-apply=\"all el-13692ab2\"><div class=\"vce-image-masonry-gallery-list\"><\/div><\/div><\/div><\/div><\/div><\/div><div class=\"vce-col vce-col--md-33-34p vce-col--xs-1 vce-col--xs-last vce-col--xs-first vce-col--sm-last vce-col--sm-first vce-col--md-last vce-col--lg-last vce-col--xl-last\" id=\"el-951329c9\"><div class=\"vce-col-inner\" data-vce-do-apply=\"border margin background  el-951329c9\"><div class=\"vce-col-content\" data-vce-element-content=\"true\" data-vce-do-apply=\"padding el-951329c9\"><div class=\"vce-single-image-container vce-single-image--align-left\"><div class=\"vce vce-single-image-wrapper\" id=\"el-f450ac8e\" data-vce-do-apply=\"all el-f450ac8e\"><figure><div class=\"vce-single-image-figure-inner\" style=\"width: 1024px;\"><div class=\"vce-single-image-inner vce-single-image--absolute\" style=\"width: 100%; padding-bottom: 66.6016%;\"><img decoding=\"async\" class=\"vce-single-image\"  width=\"1024\" height=\"682\" srcset=\"https:\/\/antea-int.com\/wp-content\/uploads\/2025\/05\/P1040770-1024x683.jpg 1024w, https:\/\/antea-int.com\/wp-content\/uploads\/2025\/05\/P1040770-2048x1365.jpg 2x, https:\/\/antea-int.com\/wp-content\/uploads\/2025\/05\/P1040770-320x213.jpg 320w, https:\/\/antea-int.com\/wp-content\/uploads\/2025\/05\/P1040770-480x320.jpg 480w, https:\/\/antea-int.com\/wp-content\/uploads\/2025\/05\/P1040770-800x533.jpg 800w\" src=\"https:\/\/antea-int.com\/wp-content\/uploads\/2025\/05\/P1040770-1024x683.jpg\" data-img-src=\"https:\/\/antea-int.com\/wp-content\/uploads\/2025\/05\/P1040770-scaled.jpg\" data-attachment-id=\"16855\"  alt=\"\" title=\"P1040770\" \/><\/div><\/div><figcaption hidden=\"\"><\/figcaption><\/figure><\/div><\/div><div class=\"vce-single-image-container vce-single-image--align-left\"><div class=\"vce vce-single-image-wrapper\" id=\"el-569ca1a1\" data-vce-do-apply=\"all el-569ca1a1\"><figure><div class=\"vce-single-image-figure-inner\" style=\"width: 1024px;\"><div class=\"vce-single-image-inner vce-single-image--absolute\" style=\"width: 100%; padding-bottom: 66.6016%;\"><img decoding=\"async\" class=\"vce-single-image\"  width=\"1024\" height=\"682\" srcset=\"https:\/\/antea-int.com\/wp-content\/uploads\/2025\/05\/P1040631-1024x683.jpg 1024w, https:\/\/antea-int.com\/wp-content\/uploads\/2025\/05\/P1040631-2048x1365.jpg 2x, https:\/\/antea-int.com\/wp-content\/uploads\/2025\/05\/P1040631-320x213.jpg 320w, https:\/\/antea-int.com\/wp-content\/uploads\/2025\/05\/P1040631-480x320.jpg 480w, https:\/\/antea-int.com\/wp-content\/uploads\/2025\/05\/P1040631-800x533.jpg 800w\" src=\"https:\/\/antea-int.com\/wp-content\/uploads\/2025\/05\/P1040631-1024x683.jpg\" data-img-src=\"https:\/\/antea-int.com\/wp-content\/uploads\/2025\/05\/P1040631-scaled.jpg\" data-attachment-id=\"16853\"  alt=\"\" title=\"P1040631\" \/><\/div><\/div><figcaption hidden=\"\"><\/figcaption><\/figure><\/div><\/div><\/div><\/div><\/div><\/div><\/div><\/div><div class=\"vce-yt-video-player vce-yt-video-player--align-left vce-yt-video-player--size-560x315\"><div class=\"vce vce-yt-video-player-wrapper\" id=\"el-6dba802d\" data-vce-do-apply=\"all el-6dba802d\" style=\"width: 560px;\"><div class=\"vce-yt-video-player-inner\"><iframe class=\"vce-yt-video-player-iframe\" src=\"https:\/\/www.youtube.com\/embed\/kigsFB02Kg0?autoplay=0&amp;mute=0&amp;color=red&amp;controls=1&amp;loop=0&amp;rel=0&amp;start=0&amp;cc_load_policy=0&amp;iv_load_policy=3&amp;enablejsapi=1\" width=\"640\" height=\"390\" allowfullscreen=\"\" title=\"YouTube video\"><\/iframe><\/div><\/div><\/div><\/div><\/div><\/div><\/div><\/div><\/div>\n","protected":false},"excerpt":{"rendered":"<p>30\/05\/2025 Antea celebr\u00f3 recientemente su 17\u00aa Conferencia Regional EMEA en Berl\u00edn. El evento reuni\u00f3 a cerca de 50 profesionales procedentes de unos 20 pa\u00edses.<\/p>\n","protected":false},"author":2,"featured_media":16851,"comment_status":"open","ping_status":"open","sticky":false,"template":"","format":"standard","meta":{"_acf_changed":false,"footnotes":""},"categories":[171,194,3],"tags":[],"class_list":["post-16860","post","type-post","status-publish","format-standard","has-post-thumbnail","hentry","category-eventos-pasados","category-conferencias-regionales","category-eventos"],"acf":[],"yoast_head":"<!-- This site is optimized with the Yoast SEO plugin v26.9 - https:\/\/yoast.com\/product\/yoast-seo-wordpress\/ -->\n<title>Berl\u00edn acogi\u00f3 una nueva y exitosa edici\u00f3n de la Conferencia EMEA de ANTEA : Antea<\/title>\n<meta name=\"robots\" content=\"index, follow, max-snippet:-1, max-image-preview:large, max-video-preview:-1\" \/>\n<link rel=\"canonical\" href=\"https:\/\/antea-int.com\/es\/eventos\/berlin-acogio-una-nueva-y-exitosa-edicion-de-la-conferencia-emea-de-antea\/\" \/>\n<meta property=\"og:locale\" content=\"es_ES\" \/>\n<meta property=\"og:type\" content=\"article\" \/>\n<meta property=\"og:title\" content=\"Berl\u00edn acogi\u00f3 una nueva y exitosa edici\u00f3n de la Conferencia EMEA de ANTEA : Antea\" \/>\n<meta property=\"og:description\" content=\"30\/05\/2025 Antea celebr\u00f3 recientemente su 17\u00aa Conferencia Regional EMEA en Berl\u00edn. El evento reuni\u00f3 a cerca de 50 profesionales procedentes de unos 20 pa\u00edses.\" \/>\n<meta property=\"og:url\" content=\"https:\/\/antea-int.com\/es\/eventos\/berlin-acogio-una-nueva-y-exitosa-edicion-de-la-conferencia-emea-de-antea\/\" \/>\n<meta property=\"og:site_name\" content=\"Antea\" \/>\n<meta property=\"article:published_time\" content=\"2025-05-30T09:38:34+00:00\" \/>\n<meta property=\"article:modified_time\" content=\"2025-05-30T09:41:48+00:00\" \/>\n<meta property=\"og:image\" content=\"https:\/\/antea-int.com\/wp-content\/uploads\/2025\/05\/Worldwide-2.png\" \/>\n\t<meta property=\"og:image:width\" content=\"600\" \/>\n\t<meta property=\"og:image:height\" content=\"301\" \/>\n\t<meta property=\"og:image:type\" content=\"image\/png\" \/>\n<meta name=\"author\" content=\"Antea Webmaster\" \/>\n<meta name=\"twitter:card\" content=\"summary_large_image\" \/>\n<meta name=\"twitter:creator\" content=\"@AnteaAlliance\" \/>\n<meta name=\"twitter:site\" content=\"@AnteaAlliance\" \/>\n<meta name=\"twitter:label1\" content=\"Escrito por\" \/>\n\t<meta name=\"twitter:data1\" content=\"Antea Webmaster\" \/>\n\t<meta name=\"twitter:label2\" content=\"Tiempo de lectura\" \/>\n\t<meta name=\"twitter:data2\" content=\"1 minuto\" \/>\n<script type=\"application\/ld+json\" class=\"yoast-schema-graph\">{\"@context\":\"https:\/\/schema.org\",\"@graph\":[{\"@type\":\"Article\",\"@id\":\"https:\/\/antea-int.com\/es\/eventos\/berlin-acogio-una-nueva-y-exitosa-edicion-de-la-conferencia-emea-de-antea\/#article\",\"isPartOf\":{\"@id\":\"https:\/\/antea-int.com\/es\/eventos\/berlin-acogio-una-nueva-y-exitosa-edicion-de-la-conferencia-emea-de-antea\/\"},\"author\":{\"name\":\"Antea Webmaster\",\"@id\":\"https:\/\/antea-int.com\/#\/schema\/person\/4ab898f4167b63de5404713af1979a31\"},\"headline\":\"Berl\u00edn acogi\u00f3 una nueva y exitosa edici\u00f3n de la Conferencia EMEA de ANTEA\",\"datePublished\":\"2025-05-30T09:38:34+00:00\",\"dateModified\":\"2025-05-30T09:41:48+00:00\",\"mainEntityOfPage\":{\"@id\":\"https:\/\/antea-int.com\/es\/eventos\/berlin-acogio-una-nueva-y-exitosa-edicion-de-la-conferencia-emea-de-antea\/\"},\"wordCount\":269,\"commentCount\":0,\"publisher\":{\"@id\":\"https:\/\/antea-int.com\/#organization\"},\"image\":{\"@id\":\"https:\/\/antea-int.com\/es\/eventos\/berlin-acogio-una-nueva-y-exitosa-edicion-de-la-conferencia-emea-de-antea\/#primaryimage\"},\"thumbnailUrl\":\"https:\/\/antea-int.com\/wp-content\/uploads\/2025\/05\/Worldwide-2.png\",\"articleSection\":[\"Eventos pasados\",\"Conferencias Regionales\",\"Eventos\"],\"inLanguage\":\"es\",\"potentialAction\":[{\"@type\":\"CommentAction\",\"name\":\"Comment\",\"target\":[\"https:\/\/antea-int.com\/es\/eventos\/berlin-acogio-una-nueva-y-exitosa-edicion-de-la-conferencia-emea-de-antea\/#respond\"]}]},{\"@type\":\"WebPage\",\"@id\":\"https:\/\/antea-int.com\/es\/eventos\/berlin-acogio-una-nueva-y-exitosa-edicion-de-la-conferencia-emea-de-antea\/\",\"url\":\"https:\/\/antea-int.com\/es\/eventos\/berlin-acogio-una-nueva-y-exitosa-edicion-de-la-conferencia-emea-de-antea\/\",\"name\":\"Berl\u00edn acogi\u00f3 una nueva y exitosa edici\u00f3n de la Conferencia EMEA de ANTEA : Antea\",\"isPartOf\":{\"@id\":\"https:\/\/antea-int.com\/#website\"},\"primaryImageOfPage\":{\"@id\":\"https:\/\/antea-int.com\/es\/eventos\/berlin-acogio-una-nueva-y-exitosa-edicion-de-la-conferencia-emea-de-antea\/#primaryimage\"},\"image\":{\"@id\":\"https:\/\/antea-int.com\/es\/eventos\/berlin-acogio-una-nueva-y-exitosa-edicion-de-la-conferencia-emea-de-antea\/#primaryimage\"},\"thumbnailUrl\":\"https:\/\/antea-int.com\/wp-content\/uploads\/2025\/05\/Worldwide-2.png\",\"datePublished\":\"2025-05-30T09:38:34+00:00\",\"dateModified\":\"2025-05-30T09:41:48+00:00\",\"breadcrumb\":{\"@id\":\"https:\/\/antea-int.com\/es\/eventos\/berlin-acogio-una-nueva-y-exitosa-edicion-de-la-conferencia-emea-de-antea\/#breadcrumb\"},\"inLanguage\":\"es\",\"potentialAction\":[{\"@type\":\"ReadAction\",\"target\":[\"https:\/\/antea-int.com\/es\/eventos\/berlin-acogio-una-nueva-y-exitosa-edicion-de-la-conferencia-emea-de-antea\/\"]}]},{\"@type\":\"ImageObject\",\"inLanguage\":\"es\",\"@id\":\"https:\/\/antea-int.com\/es\/eventos\/berlin-acogio-una-nueva-y-exitosa-edicion-de-la-conferencia-emea-de-antea\/#primaryimage\",\"url\":\"https:\/\/antea-int.com\/wp-content\/uploads\/2025\/05\/Worldwide-2.png\",\"contentUrl\":\"https:\/\/antea-int.com\/wp-content\/uploads\/2025\/05\/Worldwide-2.png\",\"width\":600,\"height\":301},{\"@type\":\"BreadcrumbList\",\"@id\":\"https:\/\/antea-int.com\/es\/eventos\/berlin-acogio-una-nueva-y-exitosa-edicion-de-la-conferencia-emea-de-antea\/#breadcrumb\",\"itemListElement\":[{\"@type\":\"ListItem\",\"position\":1,\"name\":\"Home\",\"item\":\"https:\/\/antea-int.com\/es\/\"},{\"@type\":\"ListItem\",\"position\":2,\"name\":\"Berl\u00edn acogi\u00f3 una nueva y exitosa edici\u00f3n de la Conferencia EMEA de ANTEA\"}]},{\"@type\":\"WebSite\",\"@id\":\"https:\/\/antea-int.com\/#website\",\"url\":\"https:\/\/antea-int.com\/\",\"name\":\"Antea\",\"description\":\"Professional Solutions Wordlwide\",\"publisher\":{\"@id\":\"https:\/\/antea-int.com\/#organization\"},\"potentialAction\":[{\"@type\":\"SearchAction\",\"target\":{\"@type\":\"EntryPoint\",\"urlTemplate\":\"https:\/\/antea-int.com\/?s={search_term_string}\"},\"query-input\":{\"@type\":\"PropertyValueSpecification\",\"valueRequired\":true,\"valueName\":\"search_term_string\"}}],\"inLanguage\":\"es\"},{\"@type\":\"Organization\",\"@id\":\"https:\/\/antea-int.com\/#organization\",\"name\":\"Antea Alliance of independent firms\",\"url\":\"https:\/\/antea-int.com\/\",\"logo\":{\"@type\":\"ImageObject\",\"inLanguage\":\"es\",\"@id\":\"https:\/\/antea-int.com\/#\/schema\/logo\/image\/\",\"url\":\"https:\/\/antea-int.com\/wp-content\/uploads\/2024\/07\/cropped-Logo-Antea-150x150-1.png\",\"contentUrl\":\"https:\/\/antea-int.com\/wp-content\/uploads\/2024\/07\/cropped-Logo-Antea-150x150-1.png\",\"width\":150,\"height\":150,\"caption\":\"Antea Alliance of independent firms\"},\"image\":{\"@id\":\"https:\/\/antea-int.com\/#\/schema\/logo\/image\/\"},\"sameAs\":[\"https:\/\/x.com\/AnteaAlliance\",\"https:\/\/www.linkedin.com\/company\/2413082\/\",\"https:\/\/www.youtube.com\/channel\/UCXABuVrCci8n8oIisnnv9SA\"]},{\"@type\":\"Person\",\"@id\":\"https:\/\/antea-int.com\/#\/schema\/person\/4ab898f4167b63de5404713af1979a31\",\"name\":\"Antea Webmaster\",\"image\":{\"@type\":\"ImageObject\",\"inLanguage\":\"es\",\"@id\":\"https:\/\/antea-int.com\/#\/schema\/person\/image\/\",\"url\":\"https:\/\/secure.gravatar.com\/avatar\/2afd2c2e86dc90ef2610d07c415697f3a5a97308aa8aa1dba6e74ba6bc731c2e?s=96&d=mm&r=g\",\"contentUrl\":\"https:\/\/secure.gravatar.com\/avatar\/2afd2c2e86dc90ef2610d07c415697f3a5a97308aa8aa1dba6e74ba6bc731c2e?s=96&d=mm&r=g\",\"caption\":\"Antea Webmaster\"}}]}<\/script>\n<!-- \/ Yoast SEO plugin. -->","yoast_head_json":{"title":"Berl\u00edn acogi\u00f3 una nueva y exitosa edici\u00f3n de la Conferencia EMEA de ANTEA : Antea","robots":{"index":"index","follow":"follow","max-snippet":"max-snippet:-1","max-image-preview":"max-image-preview:large","max-video-preview":"max-video-preview:-1"},"canonical":"https:\/\/antea-int.com\/es\/eventos\/berlin-acogio-una-nueva-y-exitosa-edicion-de-la-conferencia-emea-de-antea\/","og_locale":"es_ES","og_type":"article","og_title":"Berl\u00edn acogi\u00f3 una nueva y exitosa edici\u00f3n de la Conferencia EMEA de ANTEA : Antea","og_description":"30\/05\/2025 Antea celebr\u00f3 recientemente su 17\u00aa Conferencia Regional EMEA en Berl\u00edn. El evento reuni\u00f3 a cerca de 50 profesionales procedentes de unos 20 pa\u00edses.","og_url":"https:\/\/antea-int.com\/es\/eventos\/berlin-acogio-una-nueva-y-exitosa-edicion-de-la-conferencia-emea-de-antea\/","og_site_name":"Antea","article_published_time":"2025-05-30T09:38:34+00:00","article_modified_time":"2025-05-30T09:41:48+00:00","og_image":[{"width":600,"height":301,"url":"https:\/\/antea-int.com\/wp-content\/uploads\/2025\/05\/Worldwide-2.png","type":"image\/png"}],"author":"Antea Webmaster","twitter_card":"summary_large_image","twitter_creator":"@AnteaAlliance","twitter_site":"@AnteaAlliance","twitter_misc":{"Escrito por":"Antea Webmaster","Tiempo de lectura":"1 minuto"},"schema":{"@context":"https:\/\/schema.org","@graph":[{"@type":"Article","@id":"https:\/\/antea-int.com\/es\/eventos\/berlin-acogio-una-nueva-y-exitosa-edicion-de-la-conferencia-emea-de-antea\/#article","isPartOf":{"@id":"https:\/\/antea-int.com\/es\/eventos\/berlin-acogio-una-nueva-y-exitosa-edicion-de-la-conferencia-emea-de-antea\/"},"author":{"name":"Antea Webmaster","@id":"https:\/\/antea-int.com\/#\/schema\/person\/4ab898f4167b63de5404713af1979a31"},"headline":"Berl\u00edn acogi\u00f3 una nueva y exitosa edici\u00f3n de la Conferencia EMEA de ANTEA","datePublished":"2025-05-30T09:38:34+00:00","dateModified":"2025-05-30T09:41:48+00:00","mainEntityOfPage":{"@id":"https:\/\/antea-int.com\/es\/eventos\/berlin-acogio-una-nueva-y-exitosa-edicion-de-la-conferencia-emea-de-antea\/"},"wordCount":269,"commentCount":0,"publisher":{"@id":"https:\/\/antea-int.com\/#organization"},"image":{"@id":"https:\/\/antea-int.com\/es\/eventos\/berlin-acogio-una-nueva-y-exitosa-edicion-de-la-conferencia-emea-de-antea\/#primaryimage"},"thumbnailUrl":"https:\/\/antea-int.com\/wp-content\/uploads\/2025\/05\/Worldwide-2.png","articleSection":["Eventos pasados","Conferencias Regionales","Eventos"],"inLanguage":"es","potentialAction":[{"@type":"CommentAction","name":"Comment","target":["https:\/\/antea-int.com\/es\/eventos\/berlin-acogio-una-nueva-y-exitosa-edicion-de-la-conferencia-emea-de-antea\/#respond"]}]},{"@type":"WebPage","@id":"https:\/\/antea-int.com\/es\/eventos\/berlin-acogio-una-nueva-y-exitosa-edicion-de-la-conferencia-emea-de-antea\/","url":"https:\/\/antea-int.com\/es\/eventos\/berlin-acogio-una-nueva-y-exitosa-edicion-de-la-conferencia-emea-de-antea\/","name":"Berl\u00edn acogi\u00f3 una nueva y exitosa edici\u00f3n de la Conferencia EMEA de ANTEA : Antea","isPartOf":{"@id":"https:\/\/antea-int.com\/#website"},"primaryImageOfPage":{"@id":"https:\/\/antea-int.com\/es\/eventos\/berlin-acogio-una-nueva-y-exitosa-edicion-de-la-conferencia-emea-de-antea\/#primaryimage"},"image":{"@id":"https:\/\/antea-int.com\/es\/eventos\/berlin-acogio-una-nueva-y-exitosa-edicion-de-la-conferencia-emea-de-antea\/#primaryimage"},"thumbnailUrl":"https:\/\/antea-int.com\/wp-content\/uploads\/2025\/05\/Worldwide-2.png","datePublished":"2025-05-30T09:38:34+00:00","dateModified":"2025-05-30T09:41:48+00:00","breadcrumb":{"@id":"https:\/\/antea-int.com\/es\/eventos\/berlin-acogio-una-nueva-y-exitosa-edicion-de-la-conferencia-emea-de-antea\/#breadcrumb"},"inLanguage":"es","potentialAction":[{"@type":"ReadAction","target":["https:\/\/antea-int.com\/es\/eventos\/berlin-acogio-una-nueva-y-exitosa-edicion-de-la-conferencia-emea-de-antea\/"]}]},{"@type":"ImageObject","inLanguage":"es","@id":"https:\/\/antea-int.com\/es\/eventos\/berlin-acogio-una-nueva-y-exitosa-edicion-de-la-conferencia-emea-de-antea\/#primaryimage","url":"https:\/\/antea-int.com\/wp-content\/uploads\/2025\/05\/Worldwide-2.png","contentUrl":"https:\/\/antea-int.com\/wp-content\/uploads\/2025\/05\/Worldwide-2.png","width":600,"height":301},{"@type":"BreadcrumbList","@id":"https:\/\/antea-int.com\/es\/eventos\/berlin-acogio-una-nueva-y-exitosa-edicion-de-la-conferencia-emea-de-antea\/#breadcrumb","itemListElement":[{"@type":"ListItem","position":1,"name":"Home","item":"https:\/\/antea-int.com\/es\/"},{"@type":"ListItem","position":2,"name":"Berl\u00edn acogi\u00f3 una nueva y exitosa edici\u00f3n de la Conferencia EMEA de ANTEA"}]},{"@type":"WebSite","@id":"https:\/\/antea-int.com\/#website","url":"https:\/\/antea-int.com\/","name":"Antea","description":"Professional Solutions Wordlwide","publisher":{"@id":"https:\/\/antea-int.com\/#organization"},"potentialAction":[{"@type":"SearchAction","target":{"@type":"EntryPoint","urlTemplate":"https:\/\/antea-int.com\/?s={search_term_string}"},"query-input":{"@type":"PropertyValueSpecification","valueRequired":true,"valueName":"search_term_string"}}],"inLanguage":"es"},{"@type":"Organization","@id":"https:\/\/antea-int.com\/#organization","name":"Antea Alliance of independent firms","url":"https:\/\/antea-int.com\/","logo":{"@type":"ImageObject","inLanguage":"es","@id":"https:\/\/antea-int.com\/#\/schema\/logo\/image\/","url":"https:\/\/antea-int.com\/wp-content\/uploads\/2024\/07\/cropped-Logo-Antea-150x150-1.png","contentUrl":"https:\/\/antea-int.com\/wp-content\/uploads\/2024\/07\/cropped-Logo-Antea-150x150-1.png","width":150,"height":150,"caption":"Antea Alliance of independent firms"},"image":{"@id":"https:\/\/antea-int.com\/#\/schema\/logo\/image\/"},"sameAs":["https:\/\/x.com\/AnteaAlliance","https:\/\/www.linkedin.com\/company\/2413082\/","https:\/\/www.youtube.com\/channel\/UCXABuVrCci8n8oIisnnv9SA"]},{"@type":"Person","@id":"https:\/\/antea-int.com\/#\/schema\/person\/4ab898f4167b63de5404713af1979a31","name":"Antea Webmaster","image":{"@type":"ImageObject","inLanguage":"es","@id":"https:\/\/antea-int.com\/#\/schema\/person\/image\/","url":"https:\/\/secure.gravatar.com\/avatar\/2afd2c2e86dc90ef2610d07c415697f3a5a97308aa8aa1dba6e74ba6bc731c2e?s=96&d=mm&r=g","contentUrl":"https:\/\/secure.gravatar.com\/avatar\/2afd2c2e86dc90ef2610d07c415697f3a5a97308aa8aa1dba6e74ba6bc731c2e?s=96&d=mm&r=g","caption":"Antea Webmaster"}}]}},"images":{"medium":"https:\/\/antea-int.com\/wp-content\/uploads\/2025\/05\/Worldwide-2-300x151.png","large":"https:\/\/antea-int.com\/wp-content\/uploads\/2025\/05\/Worldwide-2.png"},"_links":{"self":[{"href":"https:\/\/antea-int.com\/es\/wp-json\/wp\/v2\/posts\/16860","targetHints":{"allow":["GET"]}}],"collection":[{"href":"https:\/\/antea-int.com\/es\/wp-json\/wp\/v2\/posts"}],"about":[{"href":"https:\/\/antea-int.com\/es\/wp-json\/wp\/v2\/types\/post"}],"author":[{"embeddable":true,"href":"https:\/\/antea-int.com\/es\/wp-json\/wp\/v2\/users\/2"}],"replies":[{"embeddable":true,"href":"https:\/\/antea-int.com\/es\/wp-json\/wp\/v2\/comments?post=16860"}],"version-history":[{"count":2,"href":"https:\/\/antea-int.com\/es\/wp-json\/wp\/v2\/posts\/16860\/revisions"}],"predecessor-version":[{"id":16862,"href":"https:\/\/antea-int.com\/es\/wp-json\/wp\/v2\/posts\/16860\/revisions\/16862"}],"wp:featuredmedia":[{"embeddable":true,"href":"https:\/\/antea-int.com\/es\/wp-json\/wp\/v2\/media\/16851"}],"wp:attachment":[{"href":"https:\/\/antea-int.com\/es\/wp-json\/wp\/v2\/media?parent=16860"}],"wp:term":[{"taxonomy":"category","embeddable":true,"href":"https:\/\/antea-int.com\/es\/wp-json\/wp\/v2\/categories?post=16860"},{"taxonomy":"post_tag","embeddable":true,"href":"https:\/\/antea-int.com\/es\/wp-json\/wp\/v2\/tags?post=16860"}],"curies":[{"name":"wp","href":"https:\/\/api.w.org\/{rel}","templated":true}]}}