{"id":16981,"date":"2025-07-14T12:16:20","date_gmt":"2025-07-14T11:16:20","guid":{"rendered":"https:\/\/antea-int.com\/?p=16981"},"modified":"2025-07-14T12:48:49","modified_gmt":"2025-07-14T11:48:49","slug":"antea-refuerza-su-cobertura-legal-en-brasil","status":"publish","type":"post","link":"https:\/\/antea-int.com\/es\/noticias\/antea-refuerza-su-cobertura-legal-en-brasil\/","title":{"rendered":"Antea refuerza su cobertura legal en Brasil"},"content":{"rendered":"<div class=\"vce-row-container\"><div class=\"vce-row vce-row--col-gap-0 vce-row-no-paddings vce-row-equal-height vce-row-content--top\" data-vce-full-width=\"true\" data-vce-stretch-content=\"true\" id=\"el-3672a112\" data-vce-do-apply=\"all el-3672a112\"><div class=\"vce-content-background-container\"><\/div><div class=\"vce-row-content\" data-vce-element-content=\"true\"><div class=\"vce-col vce-col--md-auto vce-col--xs-1 vce-col--xs-last vce-col--xs-first vce-col--sm-last vce-col--sm-first vce-col--md-last vce-col--lg-last vce-col--xl-last vce-col--md-first vce-col--lg-first vce-col--xl-first\" id=\"el-e87d23ba\"><div class=\"vce-col-inner\" data-vce-do-apply=\"border margin background  el-e87d23ba\" id=\"service-description\"><div class=\"vce-content-background-container\"><\/div><div class=\"vce-col-content\" data-vce-element-content=\"true\" data-vce-do-apply=\"padding el-e87d23ba\"><div class=\"vce-row-container\" data-vce-boxed-width=\"true\"><div class=\"vce-row vce-row--col-gap-30 vce-row-content--top\" id=\"el-cded221d\" data-vce-do-apply=\"all el-cded221d\"><div class=\"vce-row-content\" data-vce-element-content=\"true\"><div class=\"vce-col vce-col--md-66-66p vce-col--xs-1 vce-col--xs-last vce-col--xs-first vce-col--sm-last vce-col--sm-first vce-col--md-first vce-col--lg-first vce-col--xl-first\" id=\"el-c7e54c91\"><div class=\"vce-col-inner\" data-vce-do-apply=\"border margin background  el-c7e54c91\"><div class=\"vce-col-content\" data-vce-element-content=\"true\" data-vce-do-apply=\"padding el-c7e54c91\"><div class=\"vce-text-block bg-white\"><div class=\"vce-text-block-wrapper vce\" id=\"el-b8ac8b79\" data-vce-do-apply=\"all el-b8ac8b79\"><h1>Antea refuerza su cobertura legal en Brasil<\/h1><\/div><\/div><div class=\"vce vce-separator-container vce-separator--align-left vce-separator--style-solid\" id=\"el-e09c6058\" data-vce-do-apply=\"margin el-e09c6058\"><div class=\"vce-separator vce-separator--color-b-235-38-41 vce-separator--width-50 vce-separator--thickness-2\" data-vce-do-apply=\"border padding background  el-e09c6058\"><\/div><\/div><div class=\"vce-text-block bg-white\"><div class=\"vce-text-block-wrapper vce\" id=\"el-f15d3184\" data-vce-do-apply=\"all el-f15d3184\"><p>14\/07\/2025 Antea refuerza su cobertura legal en Brasil con la incorporaci\u00f3n de<a href=\"https:\/\/vmsadvogados.com.br\/\"> VMS Advogados<\/a><\/p><p>Ver\u00edssimo, Moreira &amp; Simas Advogados (VMS) se ha consolidado como una de las <strong>firmas jur\u00eddicas de referencia<\/strong> en Brasil, ofreciendo servicios legales especializados durante m\u00e1s de 15 a\u00f1os; cuenta con un equipo de cerca de<strong> 100 profesionales<\/strong> y ofrece una atenci\u00f3n multiling\u00fce en <strong>ingl\u00e9s<\/strong>, <strong>espa\u00f1ol<\/strong>,<strong> italiano<\/strong>, <strong>franc\u00e9s<\/strong> y <strong>mandar\u00edn<\/strong>.<\/p><p>La firma destaca por su enfoque estrat\u00e9gico en asuntos legales, con una s\u00f3lida trayectoria en derecho corporativo, especialmente en reestructuraci\u00f3n empresarial, planificaci\u00f3n fiscal y fusiones y adquisiciones. Adem\u00e1s, ofrece asesor\u00eda integral y representaci\u00f3n procesal en las \u00e1reas fiscal, civil y laboral.<\/p><p>Para VMS, <strong>unirse a Antea<\/strong> representa mucho m\u00e1s que una afiliaci\u00f3n: es una <strong>decisi\u00f3n estrat\u00e9gica<\/strong> que impulsa nuevas oportunidades de colaboraci\u00f3n, ampl\u00eda sus \u00e1reas de pr\u00e1ctica y refuerza el valor que ofrecen a sus clientes, tanto a nivel nacional como internacional.<\/p><p>\u00a1Bienvenidos a Antea!<\/p><\/div><\/div><\/div><\/div><\/div><div class=\"vce-col vce-col--md-33-34p vce-col--xs-1 vce-col--xs-last vce-col--xs-first vce-col--sm-last vce-col--sm-first vce-col--md-last vce-col--lg-last vce-col--xl-last\" id=\"el-6174f83c\"><div class=\"vce-col-inner\" data-vce-do-apply=\"border margin background  el-6174f83c\"><div class=\"vce-col-content\" data-vce-element-content=\"true\" data-vce-do-apply=\"padding el-6174f83c\"><div class=\"vce-single-image-container vce-single-image--align-left\"><div class=\"vce vce-single-image-wrapper\" id=\"el-89d7a074\" data-vce-do-apply=\"all el-89d7a074\"><figure><div class=\"vce-single-image-figure-inner\" style=\"width: 1024px;\"><a href=\"https:\/\/antea-int.com\/wp-content\/uploads\/2025\/07\/VMS-Linkedin-1-scaled.png\" data-lightbox=\"lightbox-89d7a074\" class=\"vce-single-image-inner vce-single-image--absolute\" style=\"width: 100%; padding-bottom: 75%;\"><img decoding=\"async\" class=\"vce-single-image\"  width=\"1024\" height=\"768\" srcset=\"https:\/\/antea-int.com\/wp-content\/uploads\/2025\/07\/VMS-Linkedin-1-1024x768.png 1024w, https:\/\/antea-int.com\/wp-content\/uploads\/2025\/07\/VMS-Linkedin-1-2048x1536.png 2x, https:\/\/antea-int.com\/wp-content\/uploads\/2025\/07\/VMS-Linkedin-1-320x240.png 320w, https:\/\/antea-int.com\/wp-content\/uploads\/2025\/07\/VMS-Linkedin-1-480x360.png 480w, https:\/\/antea-int.com\/wp-content\/uploads\/2025\/07\/VMS-Linkedin-1-800x600.png 800w\" src=\"https:\/\/antea-int.com\/wp-content\/uploads\/2025\/07\/VMS-Linkedin-1-1024x768.png\" data-img-src=\"https:\/\/antea-int.com\/wp-content\/uploads\/2025\/07\/VMS-Linkedin-1-scaled.png\" data-attachment-id=\"16979\"  alt=\"\" title=\"VMS Linkedin (1)\" \/><\/a><\/div><figcaption hidden=\"\"><\/figcaption><\/figure><\/div><\/div><div class=\"vce-image-masonry-gallery\"><div class=\"vce-image-masonry-gallery-wrapper vce vce-image-masonry-gallery--gap-10 vce-image-masonry-gallery--columns-3\" id=\"el-0312b1f8\" data-vce-do-apply=\"all el-0312b1f8\"><div class=\"vce-image-masonry-gallery-list\"><\/div><\/div><\/div><\/div><\/div><\/div><\/div><\/div><\/div><\/div><\/div><\/div><\/div><\/div><\/div>\n","protected":false},"excerpt":{"rendered":"<p>14\/07\/2025 Antea refuerza su cobertura legal en Brasil con la incorporaci\u00f3n de VMS Advogados<\/p>\n","protected":false},"author":2,"featured_media":16982,"comment_status":"open","ping_status":"open","sticky":false,"template":"","format":"standard","meta":{"_acf_changed":false,"footnotes":""},"categories":[197,4],"tags":[],"class_list":["post-16981","post","type-post","status-publish","format-standard","has-post-thumbnail","hentry","category-miembros","category-noticias"],"acf":[],"yoast_head":"<!-- This site is optimized with the Yoast SEO plugin v26.9 - https:\/\/yoast.com\/product\/yoast-seo-wordpress\/ -->\n<title>Antea refuerza su cobertura legal en Brasil : Antea<\/title>\n<meta name=\"robots\" content=\"index, follow, max-snippet:-1, max-image-preview:large, max-video-preview:-1\" \/>\n<link rel=\"canonical\" href=\"https:\/\/antea-int.com\/es\/noticias\/antea-refuerza-su-cobertura-legal-en-brasil\/\" \/>\n<meta property=\"og:locale\" content=\"es_ES\" \/>\n<meta property=\"og:type\" content=\"article\" \/>\n<meta property=\"og:title\" content=\"Antea refuerza su cobertura legal en Brasil : Antea\" \/>\n<meta property=\"og:description\" content=\"14\/07\/2025 Antea refuerza su cobertura legal en Brasil con la incorporaci\u00f3n de VMS Advogados\" \/>\n<meta property=\"og:url\" content=\"https:\/\/antea-int.com\/es\/noticias\/antea-refuerza-su-cobertura-legal-en-brasil\/\" \/>\n<meta property=\"og:site_name\" content=\"Antea\" \/>\n<meta property=\"article:published_time\" content=\"2025-07-14T11:16:20+00:00\" \/>\n<meta property=\"article:modified_time\" content=\"2025-07-14T11:48:49+00:00\" \/>\n<meta property=\"og:image\" content=\"https:\/\/antea-int.com\/wp-content\/uploads\/2025\/07\/Copia-de-NEW-MEMBER-PORTADA_WEB-1-1.png\" \/>\n\t<meta property=\"og:image:width\" content=\"600\" \/>\n\t<meta property=\"og:image:height\" content=\"310\" \/>\n\t<meta property=\"og:image:type\" content=\"image\/png\" \/>\n<meta name=\"author\" content=\"Antea Webmaster\" \/>\n<meta name=\"twitter:card\" content=\"summary_large_image\" \/>\n<meta name=\"twitter:creator\" content=\"@AnteaAlliance\" \/>\n<meta name=\"twitter:site\" content=\"@AnteaAlliance\" \/>\n<meta name=\"twitter:label1\" content=\"Escrito por\" \/>\n\t<meta name=\"twitter:data1\" content=\"Antea Webmaster\" \/>\n\t<meta name=\"twitter:label2\" content=\"Tiempo de lectura\" \/>\n\t<meta name=\"twitter:data2\" content=\"1 minuto\" \/>\n<script type=\"application\/ld+json\" class=\"yoast-schema-graph\">{\"@context\":\"https:\/\/schema.org\",\"@graph\":[{\"@type\":\"Article\",\"@id\":\"https:\/\/antea-int.com\/es\/noticias\/antea-refuerza-su-cobertura-legal-en-brasil\/#article\",\"isPartOf\":{\"@id\":\"https:\/\/antea-int.com\/es\/noticias\/antea-refuerza-su-cobertura-legal-en-brasil\/\"},\"author\":{\"name\":\"Antea Webmaster\",\"@id\":\"https:\/\/antea-int.com\/#\/schema\/person\/4ab898f4167b63de5404713af1979a31\"},\"headline\":\"Antea refuerza su cobertura legal en Brasil\",\"datePublished\":\"2025-07-14T11:16:20+00:00\",\"dateModified\":\"2025-07-14T11:48:49+00:00\",\"mainEntityOfPage\":{\"@id\":\"https:\/\/antea-int.com\/es\/noticias\/antea-refuerza-su-cobertura-legal-en-brasil\/\"},\"wordCount\":184,\"commentCount\":0,\"publisher\":{\"@id\":\"https:\/\/antea-int.com\/#organization\"},\"image\":{\"@id\":\"https:\/\/antea-int.com\/es\/noticias\/antea-refuerza-su-cobertura-legal-en-brasil\/#primaryimage\"},\"thumbnailUrl\":\"https:\/\/antea-int.com\/wp-content\/uploads\/2025\/07\/Copia-de-NEW-MEMBER-PORTADA_WEB-1-1.png\",\"articleSection\":[\"Miembros\",\"Noticias\"],\"inLanguage\":\"es\",\"potentialAction\":[{\"@type\":\"CommentAction\",\"name\":\"Comment\",\"target\":[\"https:\/\/antea-int.com\/es\/noticias\/antea-refuerza-su-cobertura-legal-en-brasil\/#respond\"]}]},{\"@type\":\"WebPage\",\"@id\":\"https:\/\/antea-int.com\/es\/noticias\/antea-refuerza-su-cobertura-legal-en-brasil\/\",\"url\":\"https:\/\/antea-int.com\/es\/noticias\/antea-refuerza-su-cobertura-legal-en-brasil\/\",\"name\":\"Antea refuerza su cobertura legal en Brasil : Antea\",\"isPartOf\":{\"@id\":\"https:\/\/antea-int.com\/#website\"},\"primaryImageOfPage\":{\"@id\":\"https:\/\/antea-int.com\/es\/noticias\/antea-refuerza-su-cobertura-legal-en-brasil\/#primaryimage\"},\"image\":{\"@id\":\"https:\/\/antea-int.com\/es\/noticias\/antea-refuerza-su-cobertura-legal-en-brasil\/#primaryimage\"},\"thumbnailUrl\":\"https:\/\/antea-int.com\/wp-content\/uploads\/2025\/07\/Copia-de-NEW-MEMBER-PORTADA_WEB-1-1.png\",\"datePublished\":\"2025-07-14T11:16:20+00:00\",\"dateModified\":\"2025-07-14T11:48:49+00:00\",\"breadcrumb\":{\"@id\":\"https:\/\/antea-int.com\/es\/noticias\/antea-refuerza-su-cobertura-legal-en-brasil\/#breadcrumb\"},\"inLanguage\":\"es\",\"potentialAction\":[{\"@type\":\"ReadAction\",\"target\":[\"https:\/\/antea-int.com\/es\/noticias\/antea-refuerza-su-cobertura-legal-en-brasil\/\"]}]},{\"@type\":\"ImageObject\",\"inLanguage\":\"es\",\"@id\":\"https:\/\/antea-int.com\/es\/noticias\/antea-refuerza-su-cobertura-legal-en-brasil\/#primaryimage\",\"url\":\"https:\/\/antea-int.com\/wp-content\/uploads\/2025\/07\/Copia-de-NEW-MEMBER-PORTADA_WEB-1-1.png\",\"contentUrl\":\"https:\/\/antea-int.com\/wp-content\/uploads\/2025\/07\/Copia-de-NEW-MEMBER-PORTADA_WEB-1-1.png\",\"width\":600,\"height\":310},{\"@type\":\"BreadcrumbList\",\"@id\":\"https:\/\/antea-int.com\/es\/noticias\/antea-refuerza-su-cobertura-legal-en-brasil\/#breadcrumb\",\"itemListElement\":[{\"@type\":\"ListItem\",\"position\":1,\"name\":\"Home\",\"item\":\"https:\/\/antea-int.com\/es\/\"},{\"@type\":\"ListItem\",\"position\":2,\"name\":\"Antea refuerza su cobertura legal en Brasil\"}]},{\"@type\":\"WebSite\",\"@id\":\"https:\/\/antea-int.com\/#website\",\"url\":\"https:\/\/antea-int.com\/\",\"name\":\"Antea\",\"description\":\"Professional Solutions Wordlwide\",\"publisher\":{\"@id\":\"https:\/\/antea-int.com\/#organization\"},\"potentialAction\":[{\"@type\":\"SearchAction\",\"target\":{\"@type\":\"EntryPoint\",\"urlTemplate\":\"https:\/\/antea-int.com\/?s={search_term_string}\"},\"query-input\":{\"@type\":\"PropertyValueSpecification\",\"valueRequired\":true,\"valueName\":\"search_term_string\"}}],\"inLanguage\":\"es\"},{\"@type\":\"Organization\",\"@id\":\"https:\/\/antea-int.com\/#organization\",\"name\":\"Antea Alliance of independent firms\",\"url\":\"https:\/\/antea-int.com\/\",\"logo\":{\"@type\":\"ImageObject\",\"inLanguage\":\"es\",\"@id\":\"https:\/\/antea-int.com\/#\/schema\/logo\/image\/\",\"url\":\"https:\/\/antea-int.com\/wp-content\/uploads\/2024\/07\/cropped-Logo-Antea-150x150-1.png\",\"contentUrl\":\"https:\/\/antea-int.com\/wp-content\/uploads\/2024\/07\/cropped-Logo-Antea-150x150-1.png\",\"width\":150,\"height\":150,\"caption\":\"Antea Alliance of independent firms\"},\"image\":{\"@id\":\"https:\/\/antea-int.com\/#\/schema\/logo\/image\/\"},\"sameAs\":[\"https:\/\/x.com\/AnteaAlliance\",\"https:\/\/www.linkedin.com\/company\/2413082\/\",\"https:\/\/www.youtube.com\/channel\/UCXABuVrCci8n8oIisnnv9SA\"]},{\"@type\":\"Person\",\"@id\":\"https:\/\/antea-int.com\/#\/schema\/person\/4ab898f4167b63de5404713af1979a31\",\"name\":\"Antea Webmaster\",\"image\":{\"@type\":\"ImageObject\",\"inLanguage\":\"es\",\"@id\":\"https:\/\/antea-int.com\/#\/schema\/person\/image\/\",\"url\":\"https:\/\/secure.gravatar.com\/avatar\/2afd2c2e86dc90ef2610d07c415697f3a5a97308aa8aa1dba6e74ba6bc731c2e?s=96&d=mm&r=g\",\"contentUrl\":\"https:\/\/secure.gravatar.com\/avatar\/2afd2c2e86dc90ef2610d07c415697f3a5a97308aa8aa1dba6e74ba6bc731c2e?s=96&d=mm&r=g\",\"caption\":\"Antea Webmaster\"}}]}<\/script>\n<!-- \/ Yoast SEO plugin. -->","yoast_head_json":{"title":"Antea refuerza su cobertura legal en Brasil : Antea","robots":{"index":"index","follow":"follow","max-snippet":"max-snippet:-1","max-image-preview":"max-image-preview:large","max-video-preview":"max-video-preview:-1"},"canonical":"https:\/\/antea-int.com\/es\/noticias\/antea-refuerza-su-cobertura-legal-en-brasil\/","og_locale":"es_ES","og_type":"article","og_title":"Antea refuerza su cobertura legal en Brasil : Antea","og_description":"14\/07\/2025 Antea refuerza su cobertura legal en Brasil con la incorporaci\u00f3n de VMS Advogados","og_url":"https:\/\/antea-int.com\/es\/noticias\/antea-refuerza-su-cobertura-legal-en-brasil\/","og_site_name":"Antea","article_published_time":"2025-07-14T11:16:20+00:00","article_modified_time":"2025-07-14T11:48:49+00:00","og_image":[{"width":600,"height":310,"url":"https:\/\/antea-int.com\/wp-content\/uploads\/2025\/07\/Copia-de-NEW-MEMBER-PORTADA_WEB-1-1.png","type":"image\/png"}],"author":"Antea Webmaster","twitter_card":"summary_large_image","twitter_creator":"@AnteaAlliance","twitter_site":"@AnteaAlliance","twitter_misc":{"Escrito por":"Antea Webmaster","Tiempo de lectura":"1 minuto"},"schema":{"@context":"https:\/\/schema.org","@graph":[{"@type":"Article","@id":"https:\/\/antea-int.com\/es\/noticias\/antea-refuerza-su-cobertura-legal-en-brasil\/#article","isPartOf":{"@id":"https:\/\/antea-int.com\/es\/noticias\/antea-refuerza-su-cobertura-legal-en-brasil\/"},"author":{"name":"Antea Webmaster","@id":"https:\/\/antea-int.com\/#\/schema\/person\/4ab898f4167b63de5404713af1979a31"},"headline":"Antea refuerza su cobertura legal en Brasil","datePublished":"2025-07-14T11:16:20+00:00","dateModified":"2025-07-14T11:48:49+00:00","mainEntityOfPage":{"@id":"https:\/\/antea-int.com\/es\/noticias\/antea-refuerza-su-cobertura-legal-en-brasil\/"},"wordCount":184,"commentCount":0,"publisher":{"@id":"https:\/\/antea-int.com\/#organization"},"image":{"@id":"https:\/\/antea-int.com\/es\/noticias\/antea-refuerza-su-cobertura-legal-en-brasil\/#primaryimage"},"thumbnailUrl":"https:\/\/antea-int.com\/wp-content\/uploads\/2025\/07\/Copia-de-NEW-MEMBER-PORTADA_WEB-1-1.png","articleSection":["Miembros","Noticias"],"inLanguage":"es","potentialAction":[{"@type":"CommentAction","name":"Comment","target":["https:\/\/antea-int.com\/es\/noticias\/antea-refuerza-su-cobertura-legal-en-brasil\/#respond"]}]},{"@type":"WebPage","@id":"https:\/\/antea-int.com\/es\/noticias\/antea-refuerza-su-cobertura-legal-en-brasil\/","url":"https:\/\/antea-int.com\/es\/noticias\/antea-refuerza-su-cobertura-legal-en-brasil\/","name":"Antea refuerza su cobertura legal en Brasil : Antea","isPartOf":{"@id":"https:\/\/antea-int.com\/#website"},"primaryImageOfPage":{"@id":"https:\/\/antea-int.com\/es\/noticias\/antea-refuerza-su-cobertura-legal-en-brasil\/#primaryimage"},"image":{"@id":"https:\/\/antea-int.com\/es\/noticias\/antea-refuerza-su-cobertura-legal-en-brasil\/#primaryimage"},"thumbnailUrl":"https:\/\/antea-int.com\/wp-content\/uploads\/2025\/07\/Copia-de-NEW-MEMBER-PORTADA_WEB-1-1.png","datePublished":"2025-07-14T11:16:20+00:00","dateModified":"2025-07-14T11:48:49+00:00","breadcrumb":{"@id":"https:\/\/antea-int.com\/es\/noticias\/antea-refuerza-su-cobertura-legal-en-brasil\/#breadcrumb"},"inLanguage":"es","potentialAction":[{"@type":"ReadAction","target":["https:\/\/antea-int.com\/es\/noticias\/antea-refuerza-su-cobertura-legal-en-brasil\/"]}]},{"@type":"ImageObject","inLanguage":"es","@id":"https:\/\/antea-int.com\/es\/noticias\/antea-refuerza-su-cobertura-legal-en-brasil\/#primaryimage","url":"https:\/\/antea-int.com\/wp-content\/uploads\/2025\/07\/Copia-de-NEW-MEMBER-PORTADA_WEB-1-1.png","contentUrl":"https:\/\/antea-int.com\/wp-content\/uploads\/2025\/07\/Copia-de-NEW-MEMBER-PORTADA_WEB-1-1.png","width":600,"height":310},{"@type":"BreadcrumbList","@id":"https:\/\/antea-int.com\/es\/noticias\/antea-refuerza-su-cobertura-legal-en-brasil\/#breadcrumb","itemListElement":[{"@type":"ListItem","position":1,"name":"Home","item":"https:\/\/antea-int.com\/es\/"},{"@type":"ListItem","position":2,"name":"Antea refuerza su cobertura legal en Brasil"}]},{"@type":"WebSite","@id":"https:\/\/antea-int.com\/#website","url":"https:\/\/antea-int.com\/","name":"Antea","description":"Professional Solutions Wordlwide","publisher":{"@id":"https:\/\/antea-int.com\/#organization"},"potentialAction":[{"@type":"SearchAction","target":{"@type":"EntryPoint","urlTemplate":"https:\/\/antea-int.com\/?s={search_term_string}"},"query-input":{"@type":"PropertyValueSpecification","valueRequired":true,"valueName":"search_term_string"}}],"inLanguage":"es"},{"@type":"Organization","@id":"https:\/\/antea-int.com\/#organization","name":"Antea Alliance of independent firms","url":"https:\/\/antea-int.com\/","logo":{"@type":"ImageObject","inLanguage":"es","@id":"https:\/\/antea-int.com\/#\/schema\/logo\/image\/","url":"https:\/\/antea-int.com\/wp-content\/uploads\/2024\/07\/cropped-Logo-Antea-150x150-1.png","contentUrl":"https:\/\/antea-int.com\/wp-content\/uploads\/2024\/07\/cropped-Logo-Antea-150x150-1.png","width":150,"height":150,"caption":"Antea Alliance of independent firms"},"image":{"@id":"https:\/\/antea-int.com\/#\/schema\/logo\/image\/"},"sameAs":["https:\/\/x.com\/AnteaAlliance","https:\/\/www.linkedin.com\/company\/2413082\/","https:\/\/www.youtube.com\/channel\/UCXABuVrCci8n8oIisnnv9SA"]},{"@type":"Person","@id":"https:\/\/antea-int.com\/#\/schema\/person\/4ab898f4167b63de5404713af1979a31","name":"Antea Webmaster","image":{"@type":"ImageObject","inLanguage":"es","@id":"https:\/\/antea-int.com\/#\/schema\/person\/image\/","url":"https:\/\/secure.gravatar.com\/avatar\/2afd2c2e86dc90ef2610d07c415697f3a5a97308aa8aa1dba6e74ba6bc731c2e?s=96&d=mm&r=g","contentUrl":"https:\/\/secure.gravatar.com\/avatar\/2afd2c2e86dc90ef2610d07c415697f3a5a97308aa8aa1dba6e74ba6bc731c2e?s=96&d=mm&r=g","caption":"Antea Webmaster"}}]}},"images":{"medium":"https:\/\/antea-int.com\/wp-content\/uploads\/2025\/07\/Copia-de-NEW-MEMBER-PORTADA_WEB-1-1-300x155.png","large":"https:\/\/antea-int.com\/wp-content\/uploads\/2025\/07\/Copia-de-NEW-MEMBER-PORTADA_WEB-1-1.png"},"_links":{"self":[{"href":"https:\/\/antea-int.com\/es\/wp-json\/wp\/v2\/posts\/16981","targetHints":{"allow":["GET"]}}],"collection":[{"href":"https:\/\/antea-int.com\/es\/wp-json\/wp\/v2\/posts"}],"about":[{"href":"https:\/\/antea-int.com\/es\/wp-json\/wp\/v2\/types\/post"}],"author":[{"embeddable":true,"href":"https:\/\/antea-int.com\/es\/wp-json\/wp\/v2\/users\/2"}],"replies":[{"embeddable":true,"href":"https:\/\/antea-int.com\/es\/wp-json\/wp\/v2\/comments?post=16981"}],"version-history":[{"count":2,"href":"https:\/\/antea-int.com\/es\/wp-json\/wp\/v2\/posts\/16981\/revisions"}],"predecessor-version":[{"id":16985,"href":"https:\/\/antea-int.com\/es\/wp-json\/wp\/v2\/posts\/16981\/revisions\/16985"}],"wp:featuredmedia":[{"embeddable":true,"href":"https:\/\/antea-int.com\/es\/wp-json\/wp\/v2\/media\/16982"}],"wp:attachment":[{"href":"https:\/\/antea-int.com\/es\/wp-json\/wp\/v2\/media?parent=16981"}],"wp:term":[{"taxonomy":"category","embeddable":true,"href":"https:\/\/antea-int.com\/es\/wp-json\/wp\/v2\/categories?post=16981"},{"taxonomy":"post_tag","embeddable":true,"href":"https:\/\/antea-int.com\/es\/wp-json\/wp\/v2\/tags?post=16981"}],"curies":[{"name":"wp","href":"https:\/\/api.w.org\/{rel}","templated":true}]}}