{"id":17320,"date":"2025-12-15T15:57:06","date_gmt":"2025-12-15T14:57:06","guid":{"rendered":"https:\/\/antea-int.com\/?p=17320"},"modified":"2025-12-15T16:07:59","modified_gmt":"2025-12-15T15:07:59","slug":"17a-conferencia-mundial-de-antea-un-hito-de-crecimiento-y-conexion","status":"publish","type":"post","link":"https:\/\/antea-int.com\/es\/eventos\/17a-conferencia-mundial-de-antea-un-hito-de-crecimiento-y-conexion\/","title":{"rendered":"17\u00aa Conferencia Mundial de Antea: Un hito de crecimiento y conexi\u00f3n"},"content":{"rendered":"<div class=\"vce-row-container\"><div class=\"vce-row vce-row--col-gap-0 vce-row-no-paddings vce-row-equal-height vce-row-content--top\" data-vce-full-width=\"true\" data-vce-stretch-content=\"true\" id=\"el-b9a41ca2\" data-vce-do-apply=\"all el-b9a41ca2\"><div class=\"vce-content-background-container\"><\/div><div class=\"vce-row-content\" data-vce-element-content=\"true\"><div class=\"vce-col vce-col--md-auto vce-col--xs-1 vce-col--xs-last vce-col--xs-first vce-col--sm-last vce-col--sm-first vce-col--md-last vce-col--lg-last vce-col--xl-last vce-col--md-first vce-col--lg-first vce-col--xl-first\" id=\"el-39481031\"><div class=\"vce-col-inner\" data-vce-do-apply=\"border margin background  el-39481031\" id=\"service-description\"><div class=\"vce-content-background-container\"><\/div><div class=\"vce-col-content\" data-vce-element-content=\"true\" data-vce-do-apply=\"padding el-39481031\"><div class=\"vce-row-container\" data-vce-boxed-width=\"true\"><div class=\"vce-row vce-row--col-gap-30 vce-row-content--top\" id=\"el-5b48e4f6\" data-vce-do-apply=\"all el-5b48e4f6\"><div class=\"vce-row-content\" data-vce-element-content=\"true\"><div class=\"vce-col vce-col--md-66-66p vce-col--xs-1 vce-col--xs-last vce-col--xs-first vce-col--sm-last vce-col--sm-first vce-col--md-first vce-col--lg-first vce-col--xl-first\" id=\"el-f628a33d\"><div class=\"vce-col-inner\" data-vce-do-apply=\"border margin background  el-f628a33d\"><div class=\"vce-col-content\" data-vce-element-content=\"true\" data-vce-do-apply=\"padding el-f628a33d\"><div class=\"vce-text-block bg-white\"><div class=\"vce-text-block-wrapper vce\" id=\"el-16dc732d\" data-vce-do-apply=\"all el-16dc732d\"><p><span style=\"font-size: 24pt;\"><strong>17\u00aa Conferencia Mundial de Antea: Un hito de crecimiento y conexi\u00f3n<\/strong><\/span><\/p><\/div><\/div><div class=\"vce vce-separator-container vce-separator--align-left vce-separator--style-solid\" id=\"el-60d1e474\" data-vce-do-apply=\"margin el-60d1e474\"><div class=\"vce-separator vce-separator--color-b-235-38-41 vce-separator--width-50 vce-separator--thickness-2\" data-vce-do-apply=\"border padding background  el-60d1e474\"><\/div><\/div><div class=\"vce-text-block bg-white\"><div class=\"vce-text-block-wrapper vce\" id=\"el-f4e9fc9d\" data-vce-do-apply=\"all el-f4e9fc9d\"><p style=\"text-align: justify;\"><em>23\/11\/2022 <\/em>El pasado 7 de noviembre, Antea celebr\u00f3 la 17\u00aa edici\u00f3n de la Conferencia Mundial en Canc\u00fan, M\u00e9xico. 17 a\u00f1os atr\u00e1s, Antea organiz\u00f3 su primera conferencia mundial en M\u00e9xico, por lo que regresar al mismo pa\u00eds despu\u00e9s de tantos a\u00f1os, no solo marca un hito simb\u00f3lico de<strong> crecimiento,<\/strong> <strong>colaboraci\u00f3n<\/strong> y <strong>apoyo internacional<\/strong>, sino tambi\u00e9n una emotiva celebraci\u00f3n de la historia y los valores que hemos compartido.<\/p><p>La conferencia comenz\u00f3, como siempre, con las actualizaciones de ANTEA sobre nuestras iniciativas estrat\u00e9gicas y una visi\u00f3n general del crecimiento de miembros. Este a\u00f1o, nos complaci\u00f3 dar la bienvenida a<strong> 15 nuevas firmas a nuestra alianza<\/strong>, muchas de las cuales tambi\u00e9n tuvieron la oportunidad de asistir a la conferencia. Un punto destacado clave del evento fue la incorporaci\u00f3n de los nuevos miembros del Consejo: Magali Micheletti (Luxemburgo), Matthew Bracher (Reino Unido) y Manny Tzagarakis (EE.\u202fUU.).<\/p><p>El programa incluy\u00f3 <strong>una amplia variedad de sesiones<\/strong>, con paneles sobre el impacto de la inteligencia artificial en los servicios profesionales, gesti\u00f3n de riesgos legales, estrategias de precios de transferencia y un debate especialmente interesante sobre c\u00f3mo las firmas se est\u00e1n adaptando a las expectativas de los clientes.<\/p><p>M\u00e1s all\u00e1 de la agenda profesional, los asistentes disfrutaron de un<strong> memorable programa social<\/strong> que mostr\u00f3 la rica cultura y el patrimonio de las antiguas ruinas mayas, una oportunidad \u00fanica para<strong> fortalecer v\u00ednculos<\/strong> y fomentar el <strong>networking.<\/strong><\/p><p>Un agradecimiento especial a<strong> Auren M\u00e9xico<\/strong> por su excepcional hospitalidad, dedicaci\u00f3n y apoyo. Y gracias a todos los participantes y colaboradores por hacer de esta conferencia <strong>un evento verdaderamente inolvidable.<\/strong><\/p><p>Por ahora, puedes echar un vistazo a los momentos m\u00e1s memorables que compartimos durante la conferencia.<\/p><\/div><\/div><div class=\"vce-yt-video-player vce-yt-video-player--align-left vce-yt-video-player--size-560x315\"><div class=\"vce vce-yt-video-player-wrapper\" id=\"el-3a1a9a7c\" data-vce-do-apply=\"all el-3a1a9a7c\" style=\"width: 560px;\"><div class=\"vce-yt-video-player-inner\"><iframe class=\"vce-yt-video-player-iframe\" src=\"https:\/\/www.youtube.com\/embed\/1sAG7fjyeJk?autoplay=0&amp;mute=0&amp;color=red&amp;controls=1&amp;loop=0&amp;rel=0&amp;start=0&amp;cc_load_policy=0&amp;iv_load_policy=3&amp;enablejsapi=1\" width=\"640\" height=\"390\" allowfullscreen=\"\" title=\"YouTube video\"><\/iframe><\/div><\/div><\/div><\/div><\/div><\/div><div class=\"vce-col vce-col--md-33-34p vce-col--xs-1 vce-col--xs-last vce-col--xs-first vce-col--sm-last vce-col--sm-first vce-col--md-last vce-col--lg-last vce-col--xl-last\" id=\"el-b95ae8cd\"><div class=\"vce-col-inner\" data-vce-do-apply=\"border margin background  el-b95ae8cd\"><div class=\"vce-col-content\" data-vce-element-content=\"true\" data-vce-do-apply=\"padding el-b95ae8cd\"><div class=\"vce-single-image-container vce-single-image--align-left\"><div class=\"vce vce-single-image-wrapper\" id=\"el-3dd8b5b0\" data-vce-do-apply=\"all el-3dd8b5b0\"><figure><div class=\"vce-single-image-figure-inner\" style=\"width: 768px;\"><a href=\"https:\/\/antea-int.com\/wp-content\/uploads\/2025\/12\/Image-3.jpg\" data-lightbox=\"lightbox-3dd8b5b0\" class=\"vce-single-image-inner vce-single-image--absolute\" style=\"width: 100%; padding-bottom: 133.333%;\"><img decoding=\"async\" class=\"vce-single-image\"  width=\"768\" height=\"1024\" srcset=\"https:\/\/antea-int.com\/wp-content\/uploads\/2025\/12\/Image-3-320x427.jpg 320w, https:\/\/antea-int.com\/wp-content\/uploads\/2025\/12\/Image-3-480x640.jpg 480w, https:\/\/antea-int.com\/wp-content\/uploads\/2025\/12\/Image-3-768x1024.jpg 768w\" src=\"https:\/\/antea-int.com\/wp-content\/uploads\/2025\/12\/Image-3-768x1024.jpg\" data-img-src=\"https:\/\/antea-int.com\/wp-content\/uploads\/2025\/12\/Image-3.jpg\" data-attachment-id=\"17318\"  alt=\"\" title=\"Image (3)\" \/><\/a><\/div><figcaption hidden=\"\"><\/figcaption><\/figure><\/div><\/div><\/div><\/div><\/div><div class=\"vce-col vce-col--md-100p vce-col--xs-1 vce-col--xs-last vce-col--xs-first vce-col--sm-last vce-col--sm-first vce-col--md-last vce-col--lg-last vce-col--xl-last vce-col--md-first vce-col--lg-first vce-col--xl-first\" id=\"el-8ec42b33\"><div class=\"vce-col-inner\" data-vce-do-apply=\"border margin background  el-8ec42b33\"><div class=\"vce-col-content\" data-vce-element-content=\"true\" data-vce-do-apply=\"padding el-8ec42b33\"><div class=\"vcv-row-control-wrapper\"><\/div><\/div><\/div><\/div><\/div><\/div><\/div><\/div><\/div><\/div><\/div><\/div><\/div>","protected":false},"excerpt":{"rendered":"<p>15\/12\/2025 El pasado 7 de noviembre, Antea celebr\u00f3 la 17\u00aa edici\u00f3n de la Conferencia Mundial en Canc\u00fan, M\u00e9xico. <\/p>\n","protected":false},"author":2,"featured_media":17315,"comment_status":"open","ping_status":"open","sticky":false,"template":"","format":"standard","meta":{"_acf_changed":false,"footnotes":""},"categories":[195,171,3],"tags":[],"class_list":["post-17320","post","type-post","status-publish","format-standard","has-post-thumbnail","hentry","category-conferencia-mundial","category-eventos-pasados","category-eventos"],"acf":[],"yoast_head":"<!-- This site is optimized with the Yoast SEO plugin v26.9 - https:\/\/yoast.com\/product\/yoast-seo-wordpress\/ -->\n<title>17\u00aa Conferencia Mundial de Antea: Un hito de crecimiento y conexi\u00f3n : Antea<\/title>\n<meta name=\"robots\" content=\"index, follow, max-snippet:-1, max-image-preview:large, max-video-preview:-1\" \/>\n<link rel=\"canonical\" href=\"https:\/\/antea-int.com\/es\/eventos\/17a-conferencia-mundial-de-antea-un-hito-de-crecimiento-y-conexion\/\" \/>\n<meta property=\"og:locale\" content=\"es_ES\" \/>\n<meta property=\"og:type\" content=\"article\" \/>\n<meta property=\"og:title\" content=\"17\u00aa Conferencia Mundial de Antea: Un hito de crecimiento y conexi\u00f3n : Antea\" \/>\n<meta property=\"og:description\" content=\"15\/12\/2025 El pasado 7 de noviembre, Antea celebr\u00f3 la 17\u00aa edici\u00f3n de la Conferencia Mundial en Canc\u00fan, M\u00e9xico.\" \/>\n<meta property=\"og:url\" content=\"https:\/\/antea-int.com\/es\/eventos\/17a-conferencia-mundial-de-antea-un-hito-de-crecimiento-y-conexion\/\" \/>\n<meta property=\"og:site_name\" content=\"Antea\" \/>\n<meta property=\"article:published_time\" content=\"2025-12-15T14:57:06+00:00\" \/>\n<meta property=\"article:modified_time\" content=\"2025-12-15T15:07:59+00:00\" \/>\n<meta property=\"og:image\" content=\"https:\/\/antea-int.com\/wp-content\/uploads\/2025\/12\/Worldwide.png\" \/>\n\t<meta property=\"og:image:width\" content=\"600\" \/>\n\t<meta property=\"og:image:height\" content=\"301\" \/>\n\t<meta property=\"og:image:type\" content=\"image\/png\" \/>\n<meta name=\"author\" content=\"Antea Webmaster\" \/>\n<meta name=\"twitter:card\" content=\"summary_large_image\" \/>\n<meta name=\"twitter:creator\" content=\"@AnteaAlliance\" \/>\n<meta name=\"twitter:site\" content=\"@AnteaAlliance\" \/>\n<meta name=\"twitter:label1\" content=\"Escrito por\" \/>\n\t<meta name=\"twitter:data1\" content=\"Antea Webmaster\" \/>\n\t<meta name=\"twitter:label2\" content=\"Tiempo de lectura\" \/>\n\t<meta name=\"twitter:data2\" content=\"1 minuto\" \/>\n<script type=\"application\/ld+json\" class=\"yoast-schema-graph\">{\"@context\":\"https:\/\/schema.org\",\"@graph\":[{\"@type\":\"Article\",\"@id\":\"https:\/\/antea-int.com\/es\/eventos\/17a-conferencia-mundial-de-antea-un-hito-de-crecimiento-y-conexion\/#article\",\"isPartOf\":{\"@id\":\"https:\/\/antea-int.com\/es\/eventos\/17a-conferencia-mundial-de-antea-un-hito-de-crecimiento-y-conexion\/\"},\"author\":{\"name\":\"Antea Webmaster\",\"@id\":\"https:\/\/antea-int.com\/#\/schema\/person\/4ab898f4167b63de5404713af1979a31\"},\"headline\":\"17\u00aa Conferencia Mundial de Antea: Un hito de crecimiento y conexi\u00f3n\",\"datePublished\":\"2025-12-15T14:57:06+00:00\",\"dateModified\":\"2025-12-15T15:07:59+00:00\",\"mainEntityOfPage\":{\"@id\":\"https:\/\/antea-int.com\/es\/eventos\/17a-conferencia-mundial-de-antea-un-hito-de-crecimiento-y-conexion\/\"},\"wordCount\":316,\"commentCount\":0,\"publisher\":{\"@id\":\"https:\/\/antea-int.com\/#organization\"},\"image\":{\"@id\":\"https:\/\/antea-int.com\/es\/eventos\/17a-conferencia-mundial-de-antea-un-hito-de-crecimiento-y-conexion\/#primaryimage\"},\"thumbnailUrl\":\"https:\/\/antea-int.com\/wp-content\/uploads\/2025\/12\/Worldwide.png\",\"articleSection\":[\"Conferencia Mundial\",\"Eventos pasados\",\"Eventos\"],\"inLanguage\":\"es\",\"potentialAction\":[{\"@type\":\"CommentAction\",\"name\":\"Comment\",\"target\":[\"https:\/\/antea-int.com\/es\/eventos\/17a-conferencia-mundial-de-antea-un-hito-de-crecimiento-y-conexion\/#respond\"]}]},{\"@type\":\"WebPage\",\"@id\":\"https:\/\/antea-int.com\/es\/eventos\/17a-conferencia-mundial-de-antea-un-hito-de-crecimiento-y-conexion\/\",\"url\":\"https:\/\/antea-int.com\/es\/eventos\/17a-conferencia-mundial-de-antea-un-hito-de-crecimiento-y-conexion\/\",\"name\":\"17\u00aa Conferencia Mundial de Antea: Un hito de crecimiento y conexi\u00f3n : Antea\",\"isPartOf\":{\"@id\":\"https:\/\/antea-int.com\/#website\"},\"primaryImageOfPage\":{\"@id\":\"https:\/\/antea-int.com\/es\/eventos\/17a-conferencia-mundial-de-antea-un-hito-de-crecimiento-y-conexion\/#primaryimage\"},\"image\":{\"@id\":\"https:\/\/antea-int.com\/es\/eventos\/17a-conferencia-mundial-de-antea-un-hito-de-crecimiento-y-conexion\/#primaryimage\"},\"thumbnailUrl\":\"https:\/\/antea-int.com\/wp-content\/uploads\/2025\/12\/Worldwide.png\",\"datePublished\":\"2025-12-15T14:57:06+00:00\",\"dateModified\":\"2025-12-15T15:07:59+00:00\",\"breadcrumb\":{\"@id\":\"https:\/\/antea-int.com\/es\/eventos\/17a-conferencia-mundial-de-antea-un-hito-de-crecimiento-y-conexion\/#breadcrumb\"},\"inLanguage\":\"es\",\"potentialAction\":[{\"@type\":\"ReadAction\",\"target\":[\"https:\/\/antea-int.com\/es\/eventos\/17a-conferencia-mundial-de-antea-un-hito-de-crecimiento-y-conexion\/\"]}]},{\"@type\":\"ImageObject\",\"inLanguage\":\"es\",\"@id\":\"https:\/\/antea-int.com\/es\/eventos\/17a-conferencia-mundial-de-antea-un-hito-de-crecimiento-y-conexion\/#primaryimage\",\"url\":\"https:\/\/antea-int.com\/wp-content\/uploads\/2025\/12\/Worldwide.png\",\"contentUrl\":\"https:\/\/antea-int.com\/wp-content\/uploads\/2025\/12\/Worldwide.png\",\"width\":600,\"height\":301},{\"@type\":\"BreadcrumbList\",\"@id\":\"https:\/\/antea-int.com\/es\/eventos\/17a-conferencia-mundial-de-antea-un-hito-de-crecimiento-y-conexion\/#breadcrumb\",\"itemListElement\":[{\"@type\":\"ListItem\",\"position\":1,\"name\":\"Home\",\"item\":\"https:\/\/antea-int.com\/es\/\"},{\"@type\":\"ListItem\",\"position\":2,\"name\":\"17\u00aa Conferencia Mundial de Antea: Un hito de crecimiento y conexi\u00f3n\"}]},{\"@type\":\"WebSite\",\"@id\":\"https:\/\/antea-int.com\/#website\",\"url\":\"https:\/\/antea-int.com\/\",\"name\":\"Antea\",\"description\":\"Professional Solutions Wordlwide\",\"publisher\":{\"@id\":\"https:\/\/antea-int.com\/#organization\"},\"potentialAction\":[{\"@type\":\"SearchAction\",\"target\":{\"@type\":\"EntryPoint\",\"urlTemplate\":\"https:\/\/antea-int.com\/?s={search_term_string}\"},\"query-input\":{\"@type\":\"PropertyValueSpecification\",\"valueRequired\":true,\"valueName\":\"search_term_string\"}}],\"inLanguage\":\"es\"},{\"@type\":\"Organization\",\"@id\":\"https:\/\/antea-int.com\/#organization\",\"name\":\"Antea Alliance of independent firms\",\"url\":\"https:\/\/antea-int.com\/\",\"logo\":{\"@type\":\"ImageObject\",\"inLanguage\":\"es\",\"@id\":\"https:\/\/antea-int.com\/#\/schema\/logo\/image\/\",\"url\":\"https:\/\/antea-int.com\/wp-content\/uploads\/2024\/07\/cropped-Logo-Antea-150x150-1.png\",\"contentUrl\":\"https:\/\/antea-int.com\/wp-content\/uploads\/2024\/07\/cropped-Logo-Antea-150x150-1.png\",\"width\":150,\"height\":150,\"caption\":\"Antea Alliance of independent firms\"},\"image\":{\"@id\":\"https:\/\/antea-int.com\/#\/schema\/logo\/image\/\"},\"sameAs\":[\"https:\/\/x.com\/AnteaAlliance\",\"https:\/\/www.linkedin.com\/company\/2413082\/\",\"https:\/\/www.youtube.com\/channel\/UCXABuVrCci8n8oIisnnv9SA\"]},{\"@type\":\"Person\",\"@id\":\"https:\/\/antea-int.com\/#\/schema\/person\/4ab898f4167b63de5404713af1979a31\",\"name\":\"Antea Webmaster\",\"image\":{\"@type\":\"ImageObject\",\"inLanguage\":\"es\",\"@id\":\"https:\/\/antea-int.com\/#\/schema\/person\/image\/\",\"url\":\"https:\/\/secure.gravatar.com\/avatar\/2afd2c2e86dc90ef2610d07c415697f3a5a97308aa8aa1dba6e74ba6bc731c2e?s=96&d=mm&r=g\",\"contentUrl\":\"https:\/\/secure.gravatar.com\/avatar\/2afd2c2e86dc90ef2610d07c415697f3a5a97308aa8aa1dba6e74ba6bc731c2e?s=96&d=mm&r=g\",\"caption\":\"Antea Webmaster\"}}]}<\/script>\n<!-- \/ Yoast SEO plugin. -->","yoast_head_json":{"title":"17\u00aa Conferencia Mundial de Antea: Un hito de crecimiento y conexi\u00f3n : Antea","robots":{"index":"index","follow":"follow","max-snippet":"max-snippet:-1","max-image-preview":"max-image-preview:large","max-video-preview":"max-video-preview:-1"},"canonical":"https:\/\/antea-int.com\/es\/eventos\/17a-conferencia-mundial-de-antea-un-hito-de-crecimiento-y-conexion\/","og_locale":"es_ES","og_type":"article","og_title":"17\u00aa Conferencia Mundial de Antea: Un hito de crecimiento y conexi\u00f3n : Antea","og_description":"15\/12\/2025 El pasado 7 de noviembre, Antea celebr\u00f3 la 17\u00aa edici\u00f3n de la Conferencia Mundial en Canc\u00fan, M\u00e9xico.","og_url":"https:\/\/antea-int.com\/es\/eventos\/17a-conferencia-mundial-de-antea-un-hito-de-crecimiento-y-conexion\/","og_site_name":"Antea","article_published_time":"2025-12-15T14:57:06+00:00","article_modified_time":"2025-12-15T15:07:59+00:00","og_image":[{"width":600,"height":301,"url":"https:\/\/antea-int.com\/wp-content\/uploads\/2025\/12\/Worldwide.png","type":"image\/png"}],"author":"Antea Webmaster","twitter_card":"summary_large_image","twitter_creator":"@AnteaAlliance","twitter_site":"@AnteaAlliance","twitter_misc":{"Escrito por":"Antea Webmaster","Tiempo de lectura":"1 minuto"},"schema":{"@context":"https:\/\/schema.org","@graph":[{"@type":"Article","@id":"https:\/\/antea-int.com\/es\/eventos\/17a-conferencia-mundial-de-antea-un-hito-de-crecimiento-y-conexion\/#article","isPartOf":{"@id":"https:\/\/antea-int.com\/es\/eventos\/17a-conferencia-mundial-de-antea-un-hito-de-crecimiento-y-conexion\/"},"author":{"name":"Antea Webmaster","@id":"https:\/\/antea-int.com\/#\/schema\/person\/4ab898f4167b63de5404713af1979a31"},"headline":"17\u00aa Conferencia Mundial de Antea: Un hito de crecimiento y conexi\u00f3n","datePublished":"2025-12-15T14:57:06+00:00","dateModified":"2025-12-15T15:07:59+00:00","mainEntityOfPage":{"@id":"https:\/\/antea-int.com\/es\/eventos\/17a-conferencia-mundial-de-antea-un-hito-de-crecimiento-y-conexion\/"},"wordCount":316,"commentCount":0,"publisher":{"@id":"https:\/\/antea-int.com\/#organization"},"image":{"@id":"https:\/\/antea-int.com\/es\/eventos\/17a-conferencia-mundial-de-antea-un-hito-de-crecimiento-y-conexion\/#primaryimage"},"thumbnailUrl":"https:\/\/antea-int.com\/wp-content\/uploads\/2025\/12\/Worldwide.png","articleSection":["Conferencia Mundial","Eventos pasados","Eventos"],"inLanguage":"es","potentialAction":[{"@type":"CommentAction","name":"Comment","target":["https:\/\/antea-int.com\/es\/eventos\/17a-conferencia-mundial-de-antea-un-hito-de-crecimiento-y-conexion\/#respond"]}]},{"@type":"WebPage","@id":"https:\/\/antea-int.com\/es\/eventos\/17a-conferencia-mundial-de-antea-un-hito-de-crecimiento-y-conexion\/","url":"https:\/\/antea-int.com\/es\/eventos\/17a-conferencia-mundial-de-antea-un-hito-de-crecimiento-y-conexion\/","name":"17\u00aa Conferencia Mundial de Antea: Un hito de crecimiento y conexi\u00f3n : Antea","isPartOf":{"@id":"https:\/\/antea-int.com\/#website"},"primaryImageOfPage":{"@id":"https:\/\/antea-int.com\/es\/eventos\/17a-conferencia-mundial-de-antea-un-hito-de-crecimiento-y-conexion\/#primaryimage"},"image":{"@id":"https:\/\/antea-int.com\/es\/eventos\/17a-conferencia-mundial-de-antea-un-hito-de-crecimiento-y-conexion\/#primaryimage"},"thumbnailUrl":"https:\/\/antea-int.com\/wp-content\/uploads\/2025\/12\/Worldwide.png","datePublished":"2025-12-15T14:57:06+00:00","dateModified":"2025-12-15T15:07:59+00:00","breadcrumb":{"@id":"https:\/\/antea-int.com\/es\/eventos\/17a-conferencia-mundial-de-antea-un-hito-de-crecimiento-y-conexion\/#breadcrumb"},"inLanguage":"es","potentialAction":[{"@type":"ReadAction","target":["https:\/\/antea-int.com\/es\/eventos\/17a-conferencia-mundial-de-antea-un-hito-de-crecimiento-y-conexion\/"]}]},{"@type":"ImageObject","inLanguage":"es","@id":"https:\/\/antea-int.com\/es\/eventos\/17a-conferencia-mundial-de-antea-un-hito-de-crecimiento-y-conexion\/#primaryimage","url":"https:\/\/antea-int.com\/wp-content\/uploads\/2025\/12\/Worldwide.png","contentUrl":"https:\/\/antea-int.com\/wp-content\/uploads\/2025\/12\/Worldwide.png","width":600,"height":301},{"@type":"BreadcrumbList","@id":"https:\/\/antea-int.com\/es\/eventos\/17a-conferencia-mundial-de-antea-un-hito-de-crecimiento-y-conexion\/#breadcrumb","itemListElement":[{"@type":"ListItem","position":1,"name":"Home","item":"https:\/\/antea-int.com\/es\/"},{"@type":"ListItem","position":2,"name":"17\u00aa Conferencia Mundial de Antea: Un hito de crecimiento y conexi\u00f3n"}]},{"@type":"WebSite","@id":"https:\/\/antea-int.com\/#website","url":"https:\/\/antea-int.com\/","name":"Antea","description":"Professional Solutions Wordlwide","publisher":{"@id":"https:\/\/antea-int.com\/#organization"},"potentialAction":[{"@type":"SearchAction","target":{"@type":"EntryPoint","urlTemplate":"https:\/\/antea-int.com\/?s={search_term_string}"},"query-input":{"@type":"PropertyValueSpecification","valueRequired":true,"valueName":"search_term_string"}}],"inLanguage":"es"},{"@type":"Organization","@id":"https:\/\/antea-int.com\/#organization","name":"Antea Alliance of independent firms","url":"https:\/\/antea-int.com\/","logo":{"@type":"ImageObject","inLanguage":"es","@id":"https:\/\/antea-int.com\/#\/schema\/logo\/image\/","url":"https:\/\/antea-int.com\/wp-content\/uploads\/2024\/07\/cropped-Logo-Antea-150x150-1.png","contentUrl":"https:\/\/antea-int.com\/wp-content\/uploads\/2024\/07\/cropped-Logo-Antea-150x150-1.png","width":150,"height":150,"caption":"Antea Alliance of independent firms"},"image":{"@id":"https:\/\/antea-int.com\/#\/schema\/logo\/image\/"},"sameAs":["https:\/\/x.com\/AnteaAlliance","https:\/\/www.linkedin.com\/company\/2413082\/","https:\/\/www.youtube.com\/channel\/UCXABuVrCci8n8oIisnnv9SA"]},{"@type":"Person","@id":"https:\/\/antea-int.com\/#\/schema\/person\/4ab898f4167b63de5404713af1979a31","name":"Antea Webmaster","image":{"@type":"ImageObject","inLanguage":"es","@id":"https:\/\/antea-int.com\/#\/schema\/person\/image\/","url":"https:\/\/secure.gravatar.com\/avatar\/2afd2c2e86dc90ef2610d07c415697f3a5a97308aa8aa1dba6e74ba6bc731c2e?s=96&d=mm&r=g","contentUrl":"https:\/\/secure.gravatar.com\/avatar\/2afd2c2e86dc90ef2610d07c415697f3a5a97308aa8aa1dba6e74ba6bc731c2e?s=96&d=mm&r=g","caption":"Antea Webmaster"}}]}},"images":{"medium":"https:\/\/antea-int.com\/wp-content\/uploads\/2025\/12\/Worldwide-300x151.png","large":"https:\/\/antea-int.com\/wp-content\/uploads\/2025\/12\/Worldwide.png"},"_links":{"self":[{"href":"https:\/\/antea-int.com\/es\/wp-json\/wp\/v2\/posts\/17320","targetHints":{"allow":["GET"]}}],"collection":[{"href":"https:\/\/antea-int.com\/es\/wp-json\/wp\/v2\/posts"}],"about":[{"href":"https:\/\/antea-int.com\/es\/wp-json\/wp\/v2\/types\/post"}],"author":[{"embeddable":true,"href":"https:\/\/antea-int.com\/es\/wp-json\/wp\/v2\/users\/2"}],"replies":[{"embeddable":true,"href":"https:\/\/antea-int.com\/es\/wp-json\/wp\/v2\/comments?post=17320"}],"version-history":[{"count":2,"href":"https:\/\/antea-int.com\/es\/wp-json\/wp\/v2\/posts\/17320\/revisions"}],"predecessor-version":[{"id":17322,"href":"https:\/\/antea-int.com\/es\/wp-json\/wp\/v2\/posts\/17320\/revisions\/17322"}],"wp:featuredmedia":[{"embeddable":true,"href":"https:\/\/antea-int.com\/es\/wp-json\/wp\/v2\/media\/17315"}],"wp:attachment":[{"href":"https:\/\/antea-int.com\/es\/wp-json\/wp\/v2\/media?parent=17320"}],"wp:term":[{"taxonomy":"category","embeddable":true,"href":"https:\/\/antea-int.com\/es\/wp-json\/wp\/v2\/categories?post=17320"},{"taxonomy":"post_tag","embeddable":true,"href":"https:\/\/antea-int.com\/es\/wp-json\/wp\/v2\/tags?post=17320"}],"curies":[{"name":"wp","href":"https:\/\/api.w.org\/{rel}","templated":true}]}}