{"id":2002,"date":"2018-04-18T10:43:27","date_gmt":"2018-04-18T09:43:27","guid":{"rendered":"http:\/\/antea-int.com\/?p=2002"},"modified":"2023-02-28T23:03:15","modified_gmt":"2023-02-28T22:03:15","slug":"antoni-gomez-ha-sido-nombrado-presidente-del-colegio-de-censores-jurados-de-cuentas-de-cataluna","status":"publish","type":"post","link":"https:\/\/antea-int.com\/es\/noticias\/antoni-gomez-ha-sido-nombrado-presidente-del-colegio-de-censores-jurados-de-cuentas-de-cataluna\/","title":{"rendered":"Antoni G\u00f3mez, ha sido nombrado Presidente del Colegio de Censores Jurados de Cuentas de Catalu\u00f1a"},"content":{"rendered":"<div class=\"vce-row-container\"><div class=\"vce-row vce-row--col-gap-0 vce-row-no-paddings vce-row-equal-height vce-row-content--top\" data-vce-full-width=\"true\" data-vce-stretch-content=\"true\" id=\"el-917d2d5b\" data-vce-do-apply=\"all el-917d2d5b\"><div class=\"vce-content-background-container\"><\/div><div class=\"vce-row-content\" data-vce-element-content=\"true\"><div class=\"vce-col vce-col--md-auto vce-col--xs-1 vce-col--xs-last vce-col--xs-first vce-col--sm-last vce-col--sm-first vce-col--md-last vce-col--lg-last vce-col--xl-last vce-col--md-first vce-col--lg-first vce-col--xl-first\" id=\"el-d2613d7c\"><div class=\"vce-col-inner\" data-vce-do-apply=\"border margin background  el-d2613d7c\" id=\"service-description\"><div class=\"vce-content-background-container\"><\/div><div class=\"vce-col-content\" data-vce-element-content=\"true\" data-vce-do-apply=\"padding el-d2613d7c\"><div class=\"vce-row-container\" data-vce-boxed-width=\"true\"><div class=\"vce-row vce-row--col-gap-30 vce-row-content--top\" id=\"el-1c818565\" data-vce-do-apply=\"all el-1c818565\"><div class=\"vce-row-content\" data-vce-element-content=\"true\"><div class=\"vce-col vce-col--md-66-66p vce-col--xs-1 vce-col--xs-last vce-col--xs-first vce-col--sm-last vce-col--sm-first vce-col--md-first vce-col--lg-first vce-col--xl-first\" id=\"el-bb9927e0\"><div class=\"vce-col-inner\" data-vce-do-apply=\"border margin background  el-bb9927e0\"><div class=\"vce-col-content\" data-vce-element-content=\"true\" data-vce-do-apply=\"padding el-bb9927e0\"><div class=\"vce-text-block bg-white\"><div class=\"vce-text-block-wrapper vce\" id=\"el-c418d723\" data-vce-do-apply=\"all el-c418d723\"><h2>Antoni G\u00f3mez, ha sido nombrado Presidente del Colegio de Censores Jurados de Cuentas de Catalu\u00f1a.<\/h2><\/div><\/div><div class=\"vce vce-separator-container vce-separator--align-left vce-separator--style-solid\" id=\"el-86da0720\" data-vce-do-apply=\"margin el-86da0720\"><div class=\"vce-separator vce-separator--color-b-235-38-41 vce-separator--width-50 vce-separator--thickness-2\" data-vce-do-apply=\"border padding background  el-86da0720\"><\/div><\/div><div class=\"vce-text-block bg-white\"><div class=\"vce-text-block-wrapper vce\" id=\"el-fd24ebbb\" data-vce-do-apply=\"all el-fd24ebbb\"><p>El CEO de Antea fue elegido por unanimidad, para ocupar el cargo durante los pr\u00f3ximos cuatro a\u00f1os<\/p><p>Como presidente del Colegio de Censores Jurados de Cuentas de Catalu\u00f1a. &nbsp;La misi\u00f3n del Colegio es la de dar notoriedad y reconocimiento p\u00fablico a la profesi\u00f3n de la auditor\u00eda, y representar a esta colectivo.<\/p><p>Los principales retos que afrontara Antoni G\u00f3mez al frente del Colegio, ser\u00e1n la creciente presi\u00f3n reguladora y supervisora en la auditor\u00eda, la atracci\u00f3n de talento joven y la respuesta del colectivo frente a las nuevas tecnolog\u00edas.<\/p><p style=\"letter-spacing: 0.16px;\"><span style=\"letter-spacing: 0.16px;\">&nbsp;<\/span><\/p><\/div><\/div><div class=\"vce-text-block bg-white\"><div class=\"vce-text-block-wrapper vce\" id=\"el-af5835a1\" data-vce-do-apply=\"all el-af5835a1\"><p><a href=\"http:\/\/antea-int.com\/nweb\/es\/noticias-y-publicaciones\/noticias\/\"><em>volver al listado de noticias<\/em><\/a><\/p><\/div><\/div><\/div><\/div><\/div><div class=\"vce-col vce-col--md-33-34p vce-col--xs-1 vce-col--xs-last vce-col--xs-first vce-col--sm-last vce-col--sm-first vce-col--md-last vce-col--lg-last vce-col--xl-last\" id=\"el-9873f620\"><div class=\"vce-col-inner\" data-vce-do-apply=\"border margin background  el-9873f620\"><div class=\"vce-col-content\" data-vce-element-content=\"true\" data-vce-do-apply=\"padding el-9873f620\"><div class=\"vce-single-image-container vce-single-image--align-left\"><div class=\"vce vce-single-image-wrapper\" id=\"el-dd4f9772\" data-vce-do-apply=\"all el-dd4f9772\"><figure><div class=\"vce-single-image-figure-inner\"><a href=\"http:\/\/antea-int.com\/nweb\/wp-content\/uploads\/2019\/01\/ea1f70_nta-07.jpg\" data-lightbox=\"lightbox-dd4f9772\" class=\"vce-single-image-inner vce-single-image--absolute\" style=\"width: 100%; font-size: 16px;\" data-wahfont=\"16\"><img decoding=\"async\" class=\"vce-single-image\"  width=\"0\" height=\"0\" src=\"https:\/\/antea-int.com\/nweb\/wp-content\/uploads\/2019\/01\/ea1f70_nta-07.jpg\" data-img-src=\"http:\/\/antea-int.com\/nweb\/wp-content\/uploads\/2019\/01\/ea1f70_nta-07.jpg\" data-attachment-id=\"1998\"  alt=\"\" title=\"ea1f70_nta 07\" \/><\/a><\/div><figcaption hidden=\"\"><\/figcaption><\/figure><\/div><\/div><\/div><\/div><\/div><div class=\"vce-col vce-col--md-100p vce-col--xs-1 vce-col--xs-last vce-col--xs-first vce-col--sm-last vce-col--sm-first vce-col--md-last vce-col--lg-last vce-col--xl-last vce-col--md-first vce-col--lg-first vce-col--xl-first\" id=\"el-42e0f118\"><div class=\"vce-col-inner\" data-vce-do-apply=\"border margin background  el-42e0f118\"><div class=\"vce-col-content\" data-vce-element-content=\"true\" data-vce-do-apply=\"padding el-42e0f118\"><div><\/div><\/div><\/div><\/div><\/div><\/div><\/div><\/div><\/div><\/div><\/div><\/div><\/div>","protected":false},"excerpt":{"rendered":"<p>18\/04\/2018   El CEO de Antea fue elegido por unanimidad, para ocupar el cargo durante los pr\u00f3ximos cuatro a\u00f1os<\/p>\n","protected":false},"author":2,"featured_media":4647,"comment_status":"closed","ping_status":"closed","sticky":false,"template":"","format":"standard","meta":{"_acf_changed":false,"footnotes":""},"categories":[4,196],"tags":[87],"class_list":["post-2002","post","type-post","status-publish","format-standard","has-post-thumbnail","hentry","category-noticias","category-noticias-asociacion","tag-antea-es"],"acf":[],"yoast_head":"<!-- This site is optimized with the Yoast SEO plugin v26.9 - https:\/\/yoast.com\/product\/yoast-seo-wordpress\/ -->\n<title>Antoni G\u00f3mez, ha sido nombrado Presidente del Colegio de Censores Jurados de Cuentas de Catalu\u00f1a : Antea<\/title>\n<meta name=\"robots\" content=\"index, follow, max-snippet:-1, max-image-preview:large, max-video-preview:-1\" \/>\n<link rel=\"canonical\" href=\"https:\/\/antea-int.com\/news\/antoni-gomez-has-been-appointed-as-president-of-the-institute-of-chartered-accountants-in-catalonia\/\" \/>\n<meta property=\"og:locale\" content=\"es_ES\" \/>\n<meta property=\"og:type\" content=\"article\" \/>\n<meta property=\"og:title\" content=\"Antoni G\u00f3mez, ha sido nombrado Presidente del Colegio de Censores Jurados de Cuentas de Catalu\u00f1a : Antea\" \/>\n<meta property=\"og:description\" content=\"18\/04\/2018  El CEO de Antea fue elegido por unanimidad, para ocupar el cargo durante los pr\u00f3ximos cuatro a\u00f1os\" \/>\n<meta property=\"og:url\" content=\"https:\/\/antea-int.com\/news\/antoni-gomez-has-been-appointed-as-president-of-the-institute-of-chartered-accountants-in-catalonia\/\" \/>\n<meta property=\"og:site_name\" content=\"Antea\" \/>\n<meta property=\"article:published_time\" content=\"2018-04-18T09:43:27+00:00\" \/>\n<meta property=\"article:modified_time\" content=\"2023-02-28T22:03:15+00:00\" \/>\n<meta property=\"og:image\" content=\"https:\/\/antea-int.com\/wp-content\/uploads\/2018\/05\/Antea-1.jpg\" \/>\n\t<meta property=\"og:image:width\" content=\"600\" \/>\n\t<meta property=\"og:image:height\" content=\"301\" \/>\n\t<meta property=\"og:image:type\" content=\"image\/jpeg\" \/>\n<meta name=\"author\" content=\"Antea Webmaster\" \/>\n<meta name=\"twitter:card\" content=\"summary_large_image\" \/>\n<meta name=\"twitter:creator\" content=\"@AnteaAlliance\" \/>\n<meta name=\"twitter:site\" content=\"@AnteaAlliance\" \/>\n<meta name=\"twitter:label1\" content=\"Escrito por\" \/>\n\t<meta name=\"twitter:data1\" content=\"Antea Webmaster\" \/>\n\t<meta name=\"twitter:label2\" content=\"Tiempo de lectura\" \/>\n\t<meta name=\"twitter:data2\" content=\"1 minuto\" \/>\n<script type=\"application\/ld+json\" class=\"yoast-schema-graph\">{\"@context\":\"https:\/\/schema.org\",\"@graph\":[{\"@type\":\"Article\",\"@id\":\"https:\/\/antea-int.com\/news\/antoni-gomez-has-been-appointed-as-president-of-the-institute-of-chartered-accountants-in-catalonia\/#article\",\"isPartOf\":{\"@id\":\"https:\/\/antea-int.com\/news\/antoni-gomez-has-been-appointed-as-president-of-the-institute-of-chartered-accountants-in-catalonia\/\"},\"author\":{\"name\":\"Antea Webmaster\",\"@id\":\"https:\/\/antea-int.com\/#\/schema\/person\/4ab898f4167b63de5404713af1979a31\"},\"headline\":\"Antoni G\u00f3mez, ha sido nombrado Presidente del Colegio de Censores Jurados de Cuentas de Catalu\u00f1a\",\"datePublished\":\"2018-04-18T09:43:27+00:00\",\"dateModified\":\"2023-02-28T22:03:15+00:00\",\"mainEntityOfPage\":{\"@id\":\"https:\/\/antea-int.com\/news\/antoni-gomez-has-been-appointed-as-president-of-the-institute-of-chartered-accountants-in-catalonia\/\"},\"wordCount\":141,\"publisher\":{\"@id\":\"https:\/\/antea-int.com\/#organization\"},\"image\":{\"@id\":\"https:\/\/antea-int.com\/news\/antoni-gomez-has-been-appointed-as-president-of-the-institute-of-chartered-accountants-in-catalonia\/#primaryimage\"},\"thumbnailUrl\":\"https:\/\/antea-int.com\/wp-content\/uploads\/2018\/05\/Antea-1.jpg\",\"keywords\":[\"Antea\"],\"articleSection\":[\"Noticias\",\"Noticias asociaci\u00f3n\"],\"inLanguage\":\"es\"},{\"@type\":\"WebPage\",\"@id\":\"https:\/\/antea-int.com\/news\/antoni-gomez-has-been-appointed-as-president-of-the-institute-of-chartered-accountants-in-catalonia\/\",\"url\":\"https:\/\/antea-int.com\/news\/antoni-gomez-has-been-appointed-as-president-of-the-institute-of-chartered-accountants-in-catalonia\/\",\"name\":\"Antoni G\u00f3mez, ha sido nombrado Presidente del Colegio de Censores Jurados de Cuentas de Catalu\u00f1a : Antea\",\"isPartOf\":{\"@id\":\"https:\/\/antea-int.com\/#website\"},\"primaryImageOfPage\":{\"@id\":\"https:\/\/antea-int.com\/news\/antoni-gomez-has-been-appointed-as-president-of-the-institute-of-chartered-accountants-in-catalonia\/#primaryimage\"},\"image\":{\"@id\":\"https:\/\/antea-int.com\/news\/antoni-gomez-has-been-appointed-as-president-of-the-institute-of-chartered-accountants-in-catalonia\/#primaryimage\"},\"thumbnailUrl\":\"https:\/\/antea-int.com\/wp-content\/uploads\/2018\/05\/Antea-1.jpg\",\"datePublished\":\"2018-04-18T09:43:27+00:00\",\"dateModified\":\"2023-02-28T22:03:15+00:00\",\"breadcrumb\":{\"@id\":\"https:\/\/antea-int.com\/news\/antoni-gomez-has-been-appointed-as-president-of-the-institute-of-chartered-accountants-in-catalonia\/#breadcrumb\"},\"inLanguage\":\"es\",\"potentialAction\":[{\"@type\":\"ReadAction\",\"target\":[\"https:\/\/antea-int.com\/news\/antoni-gomez-has-been-appointed-as-president-of-the-institute-of-chartered-accountants-in-catalonia\/\"]}]},{\"@type\":\"ImageObject\",\"inLanguage\":\"es\",\"@id\":\"https:\/\/antea-int.com\/news\/antoni-gomez-has-been-appointed-as-president-of-the-institute-of-chartered-accountants-in-catalonia\/#primaryimage\",\"url\":\"https:\/\/antea-int.com\/wp-content\/uploads\/2018\/05\/Antea-1.jpg\",\"contentUrl\":\"https:\/\/antea-int.com\/wp-content\/uploads\/2018\/05\/Antea-1.jpg\",\"width\":600,\"height\":301},{\"@type\":\"BreadcrumbList\",\"@id\":\"https:\/\/antea-int.com\/news\/antoni-gomez-has-been-appointed-as-president-of-the-institute-of-chartered-accountants-in-catalonia\/#breadcrumb\",\"itemListElement\":[{\"@type\":\"ListItem\",\"position\":1,\"name\":\"Home\",\"item\":\"https:\/\/antea-int.com\/es\/\"},{\"@type\":\"ListItem\",\"position\":2,\"name\":\"Antoni G\u00f3mez, ha sido nombrado Presidente del Colegio de Censores Jurados de Cuentas de Catalu\u00f1a\"}]},{\"@type\":\"WebSite\",\"@id\":\"https:\/\/antea-int.com\/#website\",\"url\":\"https:\/\/antea-int.com\/\",\"name\":\"Antea\",\"description\":\"Professional Solutions Wordlwide\",\"publisher\":{\"@id\":\"https:\/\/antea-int.com\/#organization\"},\"potentialAction\":[{\"@type\":\"SearchAction\",\"target\":{\"@type\":\"EntryPoint\",\"urlTemplate\":\"https:\/\/antea-int.com\/?s={search_term_string}\"},\"query-input\":{\"@type\":\"PropertyValueSpecification\",\"valueRequired\":true,\"valueName\":\"search_term_string\"}}],\"inLanguage\":\"es\"},{\"@type\":\"Organization\",\"@id\":\"https:\/\/antea-int.com\/#organization\",\"name\":\"Antea Alliance of independent firms\",\"url\":\"https:\/\/antea-int.com\/\",\"logo\":{\"@type\":\"ImageObject\",\"inLanguage\":\"es\",\"@id\":\"https:\/\/antea-int.com\/#\/schema\/logo\/image\/\",\"url\":\"https:\/\/antea-int.com\/wp-content\/uploads\/2024\/07\/cropped-Logo-Antea-150x150-1.png\",\"contentUrl\":\"https:\/\/antea-int.com\/wp-content\/uploads\/2024\/07\/cropped-Logo-Antea-150x150-1.png\",\"width\":150,\"height\":150,\"caption\":\"Antea Alliance of independent firms\"},\"image\":{\"@id\":\"https:\/\/antea-int.com\/#\/schema\/logo\/image\/\"},\"sameAs\":[\"https:\/\/x.com\/AnteaAlliance\",\"https:\/\/www.linkedin.com\/company\/2413082\/\",\"https:\/\/www.youtube.com\/channel\/UCXABuVrCci8n8oIisnnv9SA\"]},{\"@type\":\"Person\",\"@id\":\"https:\/\/antea-int.com\/#\/schema\/person\/4ab898f4167b63de5404713af1979a31\",\"name\":\"Antea Webmaster\",\"image\":{\"@type\":\"ImageObject\",\"inLanguage\":\"es\",\"@id\":\"https:\/\/antea-int.com\/#\/schema\/person\/image\/\",\"url\":\"https:\/\/secure.gravatar.com\/avatar\/2afd2c2e86dc90ef2610d07c415697f3a5a97308aa8aa1dba6e74ba6bc731c2e?s=96&d=mm&r=g\",\"contentUrl\":\"https:\/\/secure.gravatar.com\/avatar\/2afd2c2e86dc90ef2610d07c415697f3a5a97308aa8aa1dba6e74ba6bc731c2e?s=96&d=mm&r=g\",\"caption\":\"Antea Webmaster\"}}]}<\/script>\n<!-- \/ Yoast SEO plugin. -->","yoast_head_json":{"title":"Antoni G\u00f3mez, ha sido nombrado Presidente del Colegio de Censores Jurados de Cuentas de Catalu\u00f1a : Antea","robots":{"index":"index","follow":"follow","max-snippet":"max-snippet:-1","max-image-preview":"max-image-preview:large","max-video-preview":"max-video-preview:-1"},"canonical":"https:\/\/antea-int.com\/news\/antoni-gomez-has-been-appointed-as-president-of-the-institute-of-chartered-accountants-in-catalonia\/","og_locale":"es_ES","og_type":"article","og_title":"Antoni G\u00f3mez, ha sido nombrado Presidente del Colegio de Censores Jurados de Cuentas de Catalu\u00f1a : Antea","og_description":"18\/04\/2018  El CEO de Antea fue elegido por unanimidad, para ocupar el cargo durante los pr\u00f3ximos cuatro a\u00f1os","og_url":"https:\/\/antea-int.com\/news\/antoni-gomez-has-been-appointed-as-president-of-the-institute-of-chartered-accountants-in-catalonia\/","og_site_name":"Antea","article_published_time":"2018-04-18T09:43:27+00:00","article_modified_time":"2023-02-28T22:03:15+00:00","og_image":[{"width":600,"height":301,"url":"https:\/\/antea-int.com\/wp-content\/uploads\/2018\/05\/Antea-1.jpg","type":"image\/jpeg"}],"author":"Antea Webmaster","twitter_card":"summary_large_image","twitter_creator":"@AnteaAlliance","twitter_site":"@AnteaAlliance","twitter_misc":{"Escrito por":"Antea Webmaster","Tiempo de lectura":"1 minuto"},"schema":{"@context":"https:\/\/schema.org","@graph":[{"@type":"Article","@id":"https:\/\/antea-int.com\/news\/antoni-gomez-has-been-appointed-as-president-of-the-institute-of-chartered-accountants-in-catalonia\/#article","isPartOf":{"@id":"https:\/\/antea-int.com\/news\/antoni-gomez-has-been-appointed-as-president-of-the-institute-of-chartered-accountants-in-catalonia\/"},"author":{"name":"Antea Webmaster","@id":"https:\/\/antea-int.com\/#\/schema\/person\/4ab898f4167b63de5404713af1979a31"},"headline":"Antoni G\u00f3mez, ha sido nombrado Presidente del Colegio de Censores Jurados de Cuentas de Catalu\u00f1a","datePublished":"2018-04-18T09:43:27+00:00","dateModified":"2023-02-28T22:03:15+00:00","mainEntityOfPage":{"@id":"https:\/\/antea-int.com\/news\/antoni-gomez-has-been-appointed-as-president-of-the-institute-of-chartered-accountants-in-catalonia\/"},"wordCount":141,"publisher":{"@id":"https:\/\/antea-int.com\/#organization"},"image":{"@id":"https:\/\/antea-int.com\/news\/antoni-gomez-has-been-appointed-as-president-of-the-institute-of-chartered-accountants-in-catalonia\/#primaryimage"},"thumbnailUrl":"https:\/\/antea-int.com\/wp-content\/uploads\/2018\/05\/Antea-1.jpg","keywords":["Antea"],"articleSection":["Noticias","Noticias asociaci\u00f3n"],"inLanguage":"es"},{"@type":"WebPage","@id":"https:\/\/antea-int.com\/news\/antoni-gomez-has-been-appointed-as-president-of-the-institute-of-chartered-accountants-in-catalonia\/","url":"https:\/\/antea-int.com\/news\/antoni-gomez-has-been-appointed-as-president-of-the-institute-of-chartered-accountants-in-catalonia\/","name":"Antoni G\u00f3mez, ha sido nombrado Presidente del Colegio de Censores Jurados de Cuentas de Catalu\u00f1a : Antea","isPartOf":{"@id":"https:\/\/antea-int.com\/#website"},"primaryImageOfPage":{"@id":"https:\/\/antea-int.com\/news\/antoni-gomez-has-been-appointed-as-president-of-the-institute-of-chartered-accountants-in-catalonia\/#primaryimage"},"image":{"@id":"https:\/\/antea-int.com\/news\/antoni-gomez-has-been-appointed-as-president-of-the-institute-of-chartered-accountants-in-catalonia\/#primaryimage"},"thumbnailUrl":"https:\/\/antea-int.com\/wp-content\/uploads\/2018\/05\/Antea-1.jpg","datePublished":"2018-04-18T09:43:27+00:00","dateModified":"2023-02-28T22:03:15+00:00","breadcrumb":{"@id":"https:\/\/antea-int.com\/news\/antoni-gomez-has-been-appointed-as-president-of-the-institute-of-chartered-accountants-in-catalonia\/#breadcrumb"},"inLanguage":"es","potentialAction":[{"@type":"ReadAction","target":["https:\/\/antea-int.com\/news\/antoni-gomez-has-been-appointed-as-president-of-the-institute-of-chartered-accountants-in-catalonia\/"]}]},{"@type":"ImageObject","inLanguage":"es","@id":"https:\/\/antea-int.com\/news\/antoni-gomez-has-been-appointed-as-president-of-the-institute-of-chartered-accountants-in-catalonia\/#primaryimage","url":"https:\/\/antea-int.com\/wp-content\/uploads\/2018\/05\/Antea-1.jpg","contentUrl":"https:\/\/antea-int.com\/wp-content\/uploads\/2018\/05\/Antea-1.jpg","width":600,"height":301},{"@type":"BreadcrumbList","@id":"https:\/\/antea-int.com\/news\/antoni-gomez-has-been-appointed-as-president-of-the-institute-of-chartered-accountants-in-catalonia\/#breadcrumb","itemListElement":[{"@type":"ListItem","position":1,"name":"Home","item":"https:\/\/antea-int.com\/es\/"},{"@type":"ListItem","position":2,"name":"Antoni G\u00f3mez, ha sido nombrado Presidente del Colegio de Censores Jurados de Cuentas de Catalu\u00f1a"}]},{"@type":"WebSite","@id":"https:\/\/antea-int.com\/#website","url":"https:\/\/antea-int.com\/","name":"Antea","description":"Professional Solutions Wordlwide","publisher":{"@id":"https:\/\/antea-int.com\/#organization"},"potentialAction":[{"@type":"SearchAction","target":{"@type":"EntryPoint","urlTemplate":"https:\/\/antea-int.com\/?s={search_term_string}"},"query-input":{"@type":"PropertyValueSpecification","valueRequired":true,"valueName":"search_term_string"}}],"inLanguage":"es"},{"@type":"Organization","@id":"https:\/\/antea-int.com\/#organization","name":"Antea Alliance of independent firms","url":"https:\/\/antea-int.com\/","logo":{"@type":"ImageObject","inLanguage":"es","@id":"https:\/\/antea-int.com\/#\/schema\/logo\/image\/","url":"https:\/\/antea-int.com\/wp-content\/uploads\/2024\/07\/cropped-Logo-Antea-150x150-1.png","contentUrl":"https:\/\/antea-int.com\/wp-content\/uploads\/2024\/07\/cropped-Logo-Antea-150x150-1.png","width":150,"height":150,"caption":"Antea Alliance of independent firms"},"image":{"@id":"https:\/\/antea-int.com\/#\/schema\/logo\/image\/"},"sameAs":["https:\/\/x.com\/AnteaAlliance","https:\/\/www.linkedin.com\/company\/2413082\/","https:\/\/www.youtube.com\/channel\/UCXABuVrCci8n8oIisnnv9SA"]},{"@type":"Person","@id":"https:\/\/antea-int.com\/#\/schema\/person\/4ab898f4167b63de5404713af1979a31","name":"Antea Webmaster","image":{"@type":"ImageObject","inLanguage":"es","@id":"https:\/\/antea-int.com\/#\/schema\/person\/image\/","url":"https:\/\/secure.gravatar.com\/avatar\/2afd2c2e86dc90ef2610d07c415697f3a5a97308aa8aa1dba6e74ba6bc731c2e?s=96&d=mm&r=g","contentUrl":"https:\/\/secure.gravatar.com\/avatar\/2afd2c2e86dc90ef2610d07c415697f3a5a97308aa8aa1dba6e74ba6bc731c2e?s=96&d=mm&r=g","caption":"Antea Webmaster"}}]}},"images":{"medium":"https:\/\/antea-int.com\/wp-content\/uploads\/2018\/05\/Antea-1-300x151.jpg","large":"https:\/\/antea-int.com\/wp-content\/uploads\/2018\/05\/Antea-1.jpg"},"_links":{"self":[{"href":"https:\/\/antea-int.com\/es\/wp-json\/wp\/v2\/posts\/2002","targetHints":{"allow":["GET"]}}],"collection":[{"href":"https:\/\/antea-int.com\/es\/wp-json\/wp\/v2\/posts"}],"about":[{"href":"https:\/\/antea-int.com\/es\/wp-json\/wp\/v2\/types\/post"}],"author":[{"embeddable":true,"href":"https:\/\/antea-int.com\/es\/wp-json\/wp\/v2\/users\/2"}],"replies":[{"embeddable":true,"href":"https:\/\/antea-int.com\/es\/wp-json\/wp\/v2\/comments?post=2002"}],"version-history":[{"count":2,"href":"https:\/\/antea-int.com\/es\/wp-json\/wp\/v2\/posts\/2002\/revisions"}],"predecessor-version":[{"id":13128,"href":"https:\/\/antea-int.com\/es\/wp-json\/wp\/v2\/posts\/2002\/revisions\/13128"}],"wp:featuredmedia":[{"embeddable":true,"href":"https:\/\/antea-int.com\/es\/wp-json\/wp\/v2\/media\/4647"}],"wp:attachment":[{"href":"https:\/\/antea-int.com\/es\/wp-json\/wp\/v2\/media?parent=2002"}],"wp:term":[{"taxonomy":"category","embeddable":true,"href":"https:\/\/antea-int.com\/es\/wp-json\/wp\/v2\/categories?post=2002"},{"taxonomy":"post_tag","embeddable":true,"href":"https:\/\/antea-int.com\/es\/wp-json\/wp\/v2\/tags?post=2002"}],"curies":[{"name":"wp","href":"https:\/\/api.w.org\/{rel}","templated":true}]}}