{"id":7801,"date":"2020-04-17T10:56:07","date_gmt":"2020-04-17T09:56:07","guid":{"rendered":"https:\/\/antea-int.com\/?p=7801"},"modified":"2023-02-28T20:50:43","modified_gmt":"2023-02-28T19:50:43","slug":"antea-anuncia-la-incorporacion-de-de-groote-de-man","status":"publish","type":"post","link":"https:\/\/antea-int.com\/es\/noticias\/antea-anuncia-la-incorporacion-de-de-groote-de-man\/","title":{"rendered":"ANTEA anuncia la incorporaci\u00f3n de De Groote &#8211; De Man"},"content":{"rendered":"<div class=\"vce-row-container\"><div class=\"vce-row vce-row--col-gap-0 vce-row-no-paddings vce-row-equal-height vce-row-content--top\" data-vce-full-width=\"true\" data-vce-stretch-content=\"true\" id=\"el-1bb8fdbb\" data-vce-do-apply=\"all el-1bb8fdbb\"><div class=\"vce-content-background-container\"><\/div><div class=\"vce-row-content\" data-vce-element-content=\"true\"><div class=\"vce-col vce-col--md-auto vce-col--xs-1 vce-col--xs-last vce-col--xs-first vce-col--sm-last vce-col--sm-first vce-col--md-last vce-col--lg-last vce-col--xl-last vce-col--md-first vce-col--lg-first vce-col--xl-first\" id=\"el-23431e00\"><div class=\"vce-col-inner\" data-vce-do-apply=\"border margin background  el-23431e00\" id=\"service-description\"><div class=\"vce-content-background-container\"><\/div><div class=\"vce-col-content\" data-vce-element-content=\"true\" data-vce-do-apply=\"padding el-23431e00\"><div class=\"vce-row-container\" data-vce-boxed-width=\"true\"><div class=\"vce-row vce-row--col-gap-30 vce-row-content--top\" id=\"el-e1bd212a\" data-vce-do-apply=\"all el-e1bd212a\"><div class=\"vce-row-content\" data-vce-element-content=\"true\"><div class=\"vce-col vce-col--md-66-66p vce-col--xs-1 vce-col--xs-last vce-col--xs-first vce-col--sm-last vce-col--sm-first vce-col--md-first vce-col--lg-first vce-col--xl-first\" id=\"el-46a8ec6e\"><div class=\"vce-col-inner\" data-vce-do-apply=\"border margin background  el-46a8ec6e\"><div class=\"vce-col-content\" data-vce-element-content=\"true\" data-vce-do-apply=\"padding el-46a8ec6e\"><div class=\"vce-text-block bg-white\"><div class=\"vce-text-block-wrapper vce\" id=\"el-b10a0d50\" data-vce-do-apply=\"all el-b10a0d50\"><h2>ANTEA anuncia la incorporaci\u00f3n de De Groote - De Man<\/h2><\/div><\/div><div class=\"vce vce-separator-container vce-separator--align-left vce-separator--style-solid\" id=\"el-d1a89f1d\" data-vce-do-apply=\"margin el-d1a89f1d\"><div class=\"vce-separator vce-separator--color-b-235-38-41 vce-separator--width-50 vce-separator--thickness-2\" data-vce-do-apply=\"border padding background  el-d1a89f1d\"><\/div><\/div><div class=\"vce-text-block bg-white\"><div class=\"vce-text-block-wrapper vce\" id=\"el-9c8e069a\" data-vce-do-apply=\"all el-9c8e069a\"><p style=\"letter-spacing: 0.16px;\"><em>17\/04\/2020 Antea amplia su cobertura en el area legal con la incorporaci\u00f3n de De Groote - De Man con oficinas en Gante y Bruselas.<\/em><\/p><p><a href=\"https:\/\/degroote-deman.be\/en\/\">De Groote - De Man<\/a> establecida originalmente en Gante, y, despu\u00e9s de 6 a\u00f1os, debido a su crecimiento, la firma tiene actualmente oficinas en <strong>Gante y Bruselas<\/strong>. Su enfoque principal es el <strong>Derecho Mercantil con un enfoque a las PYMES y multinacionales<\/strong>, por otro lado, ofrecen cobertura en servicios de <strong>Derecho de Privacidad e Inform\u00e1tico<\/strong>. DGDM cuenta con 18 profesionales con una amplia experiencia en m\u00e1s de <strong>5 \u00e1reas del derecho<\/strong>.&nbsp; Est\u00e1n capacitados para atender a sus clientes en: Ingl\u00e9s, holand\u00e9s, franc\u00e9s y espa\u00f1ol.<\/p><p>La firma es <strong>pionera en el campo de la tecnolog\u00eda legal<\/strong> en B\u00e9lgica y sus profesionales son frecuentemente invitados como ponentes en conferencias y seminarios (tambi\u00e9n en el escenario internacional). DGDM tambi\u00e9n participa en la comunidad acad\u00e9mica, como fundador y patrocinador de la edici\u00f3n anual del Legal Techathon, un evento organizado por la Universidad de Gante.<\/p><\/div><\/div><div class=\"vce vce-separator-container vce-separator--align-left vce-separator--style-dotted\" id=\"el-cebd67ca\" data-vce-do-apply=\"margin el-cebd67ca\"><div class=\"vce-separator vce-separator--color-ba-0-0-0-0-35 vce-separator--width-50 vce-separator--thickness-2\" data-vce-do-apply=\"border padding background  el-cebd67ca\"><\/div><\/div><div class=\"vce-text-block bg-white\"><div class=\"vce-text-block-wrapper vce\" id=\"el-0f7f6986\" data-vce-do-apply=\"all el-0f7f6986\"><p><a href=\"http:\/\/antea-int.com\/es\/noticias-y-publicaciones\/noticias\/\"><em>volver al listado de noticias<\/em><\/a><\/p><\/div><\/div><\/div><\/div><\/div><div class=\"vce-col vce-col--md-33-34p vce-col--xs-1 vce-col--xs-last vce-col--xs-first vce-col--sm-last vce-col--sm-first vce-col--md-last vce-col--lg-last vce-col--xl-last\" id=\"el-45909a00\"><div class=\"vce-col-inner\" data-vce-do-apply=\"border margin background  el-45909a00\"><div class=\"vce-col-content\" data-vce-element-content=\"true\" data-vce-do-apply=\"padding el-45909a00\"><div class=\"vce-single-image-container vce-single-image--align-left\"><div class=\"vce vce-single-image-wrapper\" id=\"el-542ccc60\" data-vce-do-apply=\"all el-542ccc60\"><figure><div class=\"vce-single-image-figure-inner\"><a href=\"http:\/\/antea-int.com\/nweb\/wp-content\/uploads\/2018\/10\/edf7ed_Brazil.jpg\" data-lightbox=\"lightbox-542ccc60\" class=\"vce-single-image-inner vce-single-image--absolute\" style=\"width: 100%;\"><img decoding=\"async\" class=\"vce-single-image\"  width=\"0\" height=\"0\" src=\"https:\/\/antea-int.com\/nweb\/wp-content\/uploads\/2018\/10\/edf7ed_Brazil.jpg\" data-img-src=\"http:\/\/antea-int.com\/nweb\/wp-content\/uploads\/2018\/10\/edf7ed_Brazil.jpg\" data-attachment-id=\"102\"  alt=\"\" title=\"edf7ed_Brazil\" \/><\/a><\/div><figcaption hidden=\"\"><\/figcaption><\/figure><\/div><\/div><div class=\"vce-single-image-container vce-single-image--align-left\"><div class=\"vce vce-single-image-wrapper\" id=\"el-1018a893\" data-vce-do-apply=\"all el-1018a893\"><figure><div class=\"vce-single-image-figure-inner\" style=\"width: 596px;\"><a href=\"https:\/\/antea-int.com\/wp-content\/uploads\/2020\/04\/PPT_Benvinguda.png\" data-lightbox=\"lightbox-1018a893\" class=\"vce-single-image-inner vce-single-image--absolute\" style=\"width: 100%; padding-bottom: 70.6376%;\"><img decoding=\"async\" class=\"vce-single-image\"  width=\"596\" height=\"421\" srcset=\"https:\/\/antea-int.com\/wp-content\/uploads\/2023\/02\/PPT_Benvinguda-320x226.png 320w, https:\/\/antea-int.com\/wp-content\/uploads\/2023\/02\/PPT_Benvinguda-480x339.png 480w, https:\/\/antea-int.com\/wp-content\/uploads\/2023\/02\/PPT_Benvinguda-596x421.png 596w\" src=\"https:\/\/antea-int.com\/wp-content\/uploads\/2023\/02\/PPT_Benvinguda-596x421.png\" data-img-src=\"https:\/\/antea-int.com\/wp-content\/uploads\/2020\/04\/PPT_Benvinguda.png\" data-attachment-id=\"7799\"  alt=\"\" title=\"PPT_Benvinguda\" \/><\/a><\/div><figcaption hidden=\"\"><\/figcaption><\/figure><\/div><\/div><\/div><\/div><\/div><div class=\"vce-col vce-col--md-100p vce-col--xs-1 vce-col--xs-last vce-col--xs-first vce-col--sm-last vce-col--sm-first vce-col--md-last vce-col--lg-last vce-col--xl-last vce-col--md-first vce-col--lg-first vce-col--xl-first\" id=\"el-4f7d4895\"><div class=\"vce-col-inner\" data-vce-do-apply=\"border margin background  el-4f7d4895\"><div class=\"vce-col-content\" data-vce-element-content=\"true\" data-vce-do-apply=\"padding el-4f7d4895\"><div><\/div><\/div><\/div><\/div><\/div><\/div><\/div><\/div><\/div><\/div><\/div><\/div><\/div>","protected":false},"excerpt":{"rendered":"<p>17\/04\/2020 Antea amplia su cobertura en el \u00e1rea legal con la incorporaci\u00f3n de De Groote &#8211; De Man con oficinas en Gante y Bruselas<\/p>\n","protected":false},"author":2,"featured_media":7795,"comment_status":"closed","ping_status":"closed","sticky":false,"template":"","format":"standard","meta":{"_acf_changed":false,"footnotes":""},"categories":[197,4],"tags":[7,88,146],"class_list":["post-7801","post","type-post","status-publish","format-standard","has-post-thumbnail","hentry","category-miembros","category-noticias","tag-nuevos-miembros","tag-miembros","tag-new-member-es"],"acf":[],"yoast_head":"<!-- This site is optimized with the Yoast SEO plugin v26.9 - https:\/\/yoast.com\/product\/yoast-seo-wordpress\/ -->\n<title>ANTEA anuncia la incorporaci\u00f3n de De Groote - De Man<\/title>\n<meta name=\"description\" content=\"Antea amplia su cobertura en el \u00e1rea legal con la incorporaci\u00f3n de De Groote - De Man con oficinas en Gante y Bruselas.\" \/>\n<meta name=\"robots\" content=\"index, follow, max-snippet:-1, max-image-preview:large, max-video-preview:-1\" \/>\n<link rel=\"canonical\" href=\"https:\/\/antea-int.com\/es\/noticias\/antea-anuncia-la-incorporacion-de-de-groote-de-man\/\" \/>\n<meta property=\"og:locale\" content=\"es_ES\" \/>\n<meta property=\"og:type\" content=\"article\" \/>\n<meta property=\"og:title\" content=\"ANTEA anuncia la incorporaci\u00f3n de De Groote - De Man\" \/>\n<meta property=\"og:description\" content=\"Antea amplia su cobertura en el \u00e1rea legal con la incorporaci\u00f3n de De Groote - De Man con oficinas en Gante y Bruselas.\" \/>\n<meta property=\"og:url\" content=\"https:\/\/antea-int.com\/es\/noticias\/antea-anuncia-la-incorporacion-de-de-groote-de-man\/\" \/>\n<meta property=\"og:site_name\" content=\"Antea\" \/>\n<meta property=\"article:published_time\" content=\"2020-04-17T09:56:07+00:00\" \/>\n<meta property=\"article:modified_time\" content=\"2023-02-28T19:50:43+00:00\" \/>\n<meta property=\"og:image\" content=\"https:\/\/antea-int.com\/wp-content\/uploads\/2020\/04\/new-member.png\" \/>\n\t<meta property=\"og:image:width\" content=\"257\" \/>\n\t<meta property=\"og:image:height\" content=\"133\" \/>\n\t<meta property=\"og:image:type\" content=\"image\/png\" \/>\n<meta name=\"author\" content=\"Antea Webmaster\" \/>\n<meta name=\"twitter:card\" content=\"summary_large_image\" \/>\n<meta name=\"twitter:creator\" content=\"@AnteaAlliance\" \/>\n<meta name=\"twitter:site\" content=\"@AnteaAlliance\" \/>\n<meta name=\"twitter:label1\" content=\"Escrito por\" \/>\n\t<meta name=\"twitter:data1\" content=\"Antea Webmaster\" \/>\n\t<meta name=\"twitter:label2\" content=\"Tiempo de lectura\" \/>\n\t<meta name=\"twitter:data2\" content=\"1 minuto\" \/>\n<script type=\"application\/ld+json\" class=\"yoast-schema-graph\">{\"@context\":\"https:\/\/schema.org\",\"@graph\":[{\"@type\":\"Article\",\"@id\":\"https:\/\/antea-int.com\/es\/noticias\/antea-anuncia-la-incorporacion-de-de-groote-de-man\/#article\",\"isPartOf\":{\"@id\":\"https:\/\/antea-int.com\/es\/noticias\/antea-anuncia-la-incorporacion-de-de-groote-de-man\/\"},\"author\":{\"name\":\"Antea Webmaster\",\"@id\":\"https:\/\/antea-int.com\/#\/schema\/person\/4ab898f4167b63de5404713af1979a31\"},\"headline\":\"ANTEA anuncia la incorporaci\u00f3n de De Groote &#8211; De Man\",\"datePublished\":\"2020-04-17T09:56:07+00:00\",\"dateModified\":\"2023-02-28T19:50:43+00:00\",\"mainEntityOfPage\":{\"@id\":\"https:\/\/antea-int.com\/es\/noticias\/antea-anuncia-la-incorporacion-de-de-groote-de-man\/\"},\"wordCount\":204,\"publisher\":{\"@id\":\"https:\/\/antea-int.com\/#organization\"},\"image\":{\"@id\":\"https:\/\/antea-int.com\/es\/noticias\/antea-anuncia-la-incorporacion-de-de-groote-de-man\/#primaryimage\"},\"thumbnailUrl\":\"https:\/\/antea-int.com\/wp-content\/uploads\/2020\/04\/new-member.png\",\"keywords\":[\"Nuevos miembros\",\"Miembros\",\"new member\"],\"articleSection\":[\"Miembros\",\"Noticias\"],\"inLanguage\":\"es\"},{\"@type\":\"WebPage\",\"@id\":\"https:\/\/antea-int.com\/es\/noticias\/antea-anuncia-la-incorporacion-de-de-groote-de-man\/\",\"url\":\"https:\/\/antea-int.com\/es\/noticias\/antea-anuncia-la-incorporacion-de-de-groote-de-man\/\",\"name\":\"ANTEA anuncia la incorporaci\u00f3n de De Groote - De Man\",\"isPartOf\":{\"@id\":\"https:\/\/antea-int.com\/#website\"},\"primaryImageOfPage\":{\"@id\":\"https:\/\/antea-int.com\/es\/noticias\/antea-anuncia-la-incorporacion-de-de-groote-de-man\/#primaryimage\"},\"image\":{\"@id\":\"https:\/\/antea-int.com\/es\/noticias\/antea-anuncia-la-incorporacion-de-de-groote-de-man\/#primaryimage\"},\"thumbnailUrl\":\"https:\/\/antea-int.com\/wp-content\/uploads\/2020\/04\/new-member.png\",\"datePublished\":\"2020-04-17T09:56:07+00:00\",\"dateModified\":\"2023-02-28T19:50:43+00:00\",\"description\":\"Antea amplia su cobertura en el \u00e1rea legal con la incorporaci\u00f3n de De Groote - De Man con oficinas en Gante y Bruselas.\",\"breadcrumb\":{\"@id\":\"https:\/\/antea-int.com\/es\/noticias\/antea-anuncia-la-incorporacion-de-de-groote-de-man\/#breadcrumb\"},\"inLanguage\":\"es\",\"potentialAction\":[{\"@type\":\"ReadAction\",\"target\":[\"https:\/\/antea-int.com\/es\/noticias\/antea-anuncia-la-incorporacion-de-de-groote-de-man\/\"]}]},{\"@type\":\"ImageObject\",\"inLanguage\":\"es\",\"@id\":\"https:\/\/antea-int.com\/es\/noticias\/antea-anuncia-la-incorporacion-de-de-groote-de-man\/#primaryimage\",\"url\":\"https:\/\/antea-int.com\/wp-content\/uploads\/2020\/04\/new-member.png\",\"contentUrl\":\"https:\/\/antea-int.com\/wp-content\/uploads\/2020\/04\/new-member.png\",\"width\":257,\"height\":133},{\"@type\":\"BreadcrumbList\",\"@id\":\"https:\/\/antea-int.com\/es\/noticias\/antea-anuncia-la-incorporacion-de-de-groote-de-man\/#breadcrumb\",\"itemListElement\":[{\"@type\":\"ListItem\",\"position\":1,\"name\":\"Home\",\"item\":\"https:\/\/antea-int.com\/es\/\"},{\"@type\":\"ListItem\",\"position\":2,\"name\":\"ANTEA anuncia la incorporaci\u00f3n de De Groote &#8211; De Man\"}]},{\"@type\":\"WebSite\",\"@id\":\"https:\/\/antea-int.com\/#website\",\"url\":\"https:\/\/antea-int.com\/\",\"name\":\"Antea\",\"description\":\"Professional Solutions Wordlwide\",\"publisher\":{\"@id\":\"https:\/\/antea-int.com\/#organization\"},\"potentialAction\":[{\"@type\":\"SearchAction\",\"target\":{\"@type\":\"EntryPoint\",\"urlTemplate\":\"https:\/\/antea-int.com\/?s={search_term_string}\"},\"query-input\":{\"@type\":\"PropertyValueSpecification\",\"valueRequired\":true,\"valueName\":\"search_term_string\"}}],\"inLanguage\":\"es\"},{\"@type\":\"Organization\",\"@id\":\"https:\/\/antea-int.com\/#organization\",\"name\":\"Antea Alliance of independent firms\",\"url\":\"https:\/\/antea-int.com\/\",\"logo\":{\"@type\":\"ImageObject\",\"inLanguage\":\"es\",\"@id\":\"https:\/\/antea-int.com\/#\/schema\/logo\/image\/\",\"url\":\"https:\/\/antea-int.com\/wp-content\/uploads\/2024\/07\/cropped-Logo-Antea-150x150-1.png\",\"contentUrl\":\"https:\/\/antea-int.com\/wp-content\/uploads\/2024\/07\/cropped-Logo-Antea-150x150-1.png\",\"width\":150,\"height\":150,\"caption\":\"Antea Alliance of independent firms\"},\"image\":{\"@id\":\"https:\/\/antea-int.com\/#\/schema\/logo\/image\/\"},\"sameAs\":[\"https:\/\/x.com\/AnteaAlliance\",\"https:\/\/www.linkedin.com\/company\/2413082\/\",\"https:\/\/www.youtube.com\/channel\/UCXABuVrCci8n8oIisnnv9SA\"]},{\"@type\":\"Person\",\"@id\":\"https:\/\/antea-int.com\/#\/schema\/person\/4ab898f4167b63de5404713af1979a31\",\"name\":\"Antea Webmaster\",\"image\":{\"@type\":\"ImageObject\",\"inLanguage\":\"es\",\"@id\":\"https:\/\/antea-int.com\/#\/schema\/person\/image\/\",\"url\":\"https:\/\/secure.gravatar.com\/avatar\/2afd2c2e86dc90ef2610d07c415697f3a5a97308aa8aa1dba6e74ba6bc731c2e?s=96&d=mm&r=g\",\"contentUrl\":\"https:\/\/secure.gravatar.com\/avatar\/2afd2c2e86dc90ef2610d07c415697f3a5a97308aa8aa1dba6e74ba6bc731c2e?s=96&d=mm&r=g\",\"caption\":\"Antea Webmaster\"}}]}<\/script>\n<!-- \/ Yoast SEO plugin. -->","yoast_head_json":{"title":"ANTEA anuncia la incorporaci\u00f3n de De Groote - De Man","description":"Antea amplia su cobertura en el \u00e1rea legal con la incorporaci\u00f3n de De Groote - De Man con oficinas en Gante y Bruselas.","robots":{"index":"index","follow":"follow","max-snippet":"max-snippet:-1","max-image-preview":"max-image-preview:large","max-video-preview":"max-video-preview:-1"},"canonical":"https:\/\/antea-int.com\/es\/noticias\/antea-anuncia-la-incorporacion-de-de-groote-de-man\/","og_locale":"es_ES","og_type":"article","og_title":"ANTEA anuncia la incorporaci\u00f3n de De Groote - De Man","og_description":"Antea amplia su cobertura en el \u00e1rea legal con la incorporaci\u00f3n de De Groote - De Man con oficinas en Gante y Bruselas.","og_url":"https:\/\/antea-int.com\/es\/noticias\/antea-anuncia-la-incorporacion-de-de-groote-de-man\/","og_site_name":"Antea","article_published_time":"2020-04-17T09:56:07+00:00","article_modified_time":"2023-02-28T19:50:43+00:00","og_image":[{"width":257,"height":133,"url":"https:\/\/antea-int.com\/wp-content\/uploads\/2020\/04\/new-member.png","type":"image\/png"}],"author":"Antea Webmaster","twitter_card":"summary_large_image","twitter_creator":"@AnteaAlliance","twitter_site":"@AnteaAlliance","twitter_misc":{"Escrito por":"Antea Webmaster","Tiempo de lectura":"1 minuto"},"schema":{"@context":"https:\/\/schema.org","@graph":[{"@type":"Article","@id":"https:\/\/antea-int.com\/es\/noticias\/antea-anuncia-la-incorporacion-de-de-groote-de-man\/#article","isPartOf":{"@id":"https:\/\/antea-int.com\/es\/noticias\/antea-anuncia-la-incorporacion-de-de-groote-de-man\/"},"author":{"name":"Antea Webmaster","@id":"https:\/\/antea-int.com\/#\/schema\/person\/4ab898f4167b63de5404713af1979a31"},"headline":"ANTEA anuncia la incorporaci\u00f3n de De Groote &#8211; De Man","datePublished":"2020-04-17T09:56:07+00:00","dateModified":"2023-02-28T19:50:43+00:00","mainEntityOfPage":{"@id":"https:\/\/antea-int.com\/es\/noticias\/antea-anuncia-la-incorporacion-de-de-groote-de-man\/"},"wordCount":204,"publisher":{"@id":"https:\/\/antea-int.com\/#organization"},"image":{"@id":"https:\/\/antea-int.com\/es\/noticias\/antea-anuncia-la-incorporacion-de-de-groote-de-man\/#primaryimage"},"thumbnailUrl":"https:\/\/antea-int.com\/wp-content\/uploads\/2020\/04\/new-member.png","keywords":["Nuevos miembros","Miembros","new member"],"articleSection":["Miembros","Noticias"],"inLanguage":"es"},{"@type":"WebPage","@id":"https:\/\/antea-int.com\/es\/noticias\/antea-anuncia-la-incorporacion-de-de-groote-de-man\/","url":"https:\/\/antea-int.com\/es\/noticias\/antea-anuncia-la-incorporacion-de-de-groote-de-man\/","name":"ANTEA anuncia la incorporaci\u00f3n de De Groote - De Man","isPartOf":{"@id":"https:\/\/antea-int.com\/#website"},"primaryImageOfPage":{"@id":"https:\/\/antea-int.com\/es\/noticias\/antea-anuncia-la-incorporacion-de-de-groote-de-man\/#primaryimage"},"image":{"@id":"https:\/\/antea-int.com\/es\/noticias\/antea-anuncia-la-incorporacion-de-de-groote-de-man\/#primaryimage"},"thumbnailUrl":"https:\/\/antea-int.com\/wp-content\/uploads\/2020\/04\/new-member.png","datePublished":"2020-04-17T09:56:07+00:00","dateModified":"2023-02-28T19:50:43+00:00","description":"Antea amplia su cobertura en el \u00e1rea legal con la incorporaci\u00f3n de De Groote - De Man con oficinas en Gante y Bruselas.","breadcrumb":{"@id":"https:\/\/antea-int.com\/es\/noticias\/antea-anuncia-la-incorporacion-de-de-groote-de-man\/#breadcrumb"},"inLanguage":"es","potentialAction":[{"@type":"ReadAction","target":["https:\/\/antea-int.com\/es\/noticias\/antea-anuncia-la-incorporacion-de-de-groote-de-man\/"]}]},{"@type":"ImageObject","inLanguage":"es","@id":"https:\/\/antea-int.com\/es\/noticias\/antea-anuncia-la-incorporacion-de-de-groote-de-man\/#primaryimage","url":"https:\/\/antea-int.com\/wp-content\/uploads\/2020\/04\/new-member.png","contentUrl":"https:\/\/antea-int.com\/wp-content\/uploads\/2020\/04\/new-member.png","width":257,"height":133},{"@type":"BreadcrumbList","@id":"https:\/\/antea-int.com\/es\/noticias\/antea-anuncia-la-incorporacion-de-de-groote-de-man\/#breadcrumb","itemListElement":[{"@type":"ListItem","position":1,"name":"Home","item":"https:\/\/antea-int.com\/es\/"},{"@type":"ListItem","position":2,"name":"ANTEA anuncia la incorporaci\u00f3n de De Groote &#8211; De Man"}]},{"@type":"WebSite","@id":"https:\/\/antea-int.com\/#website","url":"https:\/\/antea-int.com\/","name":"Antea","description":"Professional Solutions Wordlwide","publisher":{"@id":"https:\/\/antea-int.com\/#organization"},"potentialAction":[{"@type":"SearchAction","target":{"@type":"EntryPoint","urlTemplate":"https:\/\/antea-int.com\/?s={search_term_string}"},"query-input":{"@type":"PropertyValueSpecification","valueRequired":true,"valueName":"search_term_string"}}],"inLanguage":"es"},{"@type":"Organization","@id":"https:\/\/antea-int.com\/#organization","name":"Antea Alliance of independent firms","url":"https:\/\/antea-int.com\/","logo":{"@type":"ImageObject","inLanguage":"es","@id":"https:\/\/antea-int.com\/#\/schema\/logo\/image\/","url":"https:\/\/antea-int.com\/wp-content\/uploads\/2024\/07\/cropped-Logo-Antea-150x150-1.png","contentUrl":"https:\/\/antea-int.com\/wp-content\/uploads\/2024\/07\/cropped-Logo-Antea-150x150-1.png","width":150,"height":150,"caption":"Antea Alliance of independent firms"},"image":{"@id":"https:\/\/antea-int.com\/#\/schema\/logo\/image\/"},"sameAs":["https:\/\/x.com\/AnteaAlliance","https:\/\/www.linkedin.com\/company\/2413082\/","https:\/\/www.youtube.com\/channel\/UCXABuVrCci8n8oIisnnv9SA"]},{"@type":"Person","@id":"https:\/\/antea-int.com\/#\/schema\/person\/4ab898f4167b63de5404713af1979a31","name":"Antea Webmaster","image":{"@type":"ImageObject","inLanguage":"es","@id":"https:\/\/antea-int.com\/#\/schema\/person\/image\/","url":"https:\/\/secure.gravatar.com\/avatar\/2afd2c2e86dc90ef2610d07c415697f3a5a97308aa8aa1dba6e74ba6bc731c2e?s=96&d=mm&r=g","contentUrl":"https:\/\/secure.gravatar.com\/avatar\/2afd2c2e86dc90ef2610d07c415697f3a5a97308aa8aa1dba6e74ba6bc731c2e?s=96&d=mm&r=g","caption":"Antea Webmaster"}}]}},"images":{"medium":"https:\/\/antea-int.com\/wp-content\/uploads\/2020\/04\/new-member.png","large":"https:\/\/antea-int.com\/wp-content\/uploads\/2020\/04\/new-member.png"},"_links":{"self":[{"href":"https:\/\/antea-int.com\/es\/wp-json\/wp\/v2\/posts\/7801","targetHints":{"allow":["GET"]}}],"collection":[{"href":"https:\/\/antea-int.com\/es\/wp-json\/wp\/v2\/posts"}],"about":[{"href":"https:\/\/antea-int.com\/es\/wp-json\/wp\/v2\/types\/post"}],"author":[{"embeddable":true,"href":"https:\/\/antea-int.com\/es\/wp-json\/wp\/v2\/users\/2"}],"replies":[{"embeddable":true,"href":"https:\/\/antea-int.com\/es\/wp-json\/wp\/v2\/comments?post=7801"}],"version-history":[{"count":2,"href":"https:\/\/antea-int.com\/es\/wp-json\/wp\/v2\/posts\/7801\/revisions"}],"predecessor-version":[{"id":13028,"href":"https:\/\/antea-int.com\/es\/wp-json\/wp\/v2\/posts\/7801\/revisions\/13028"}],"wp:featuredmedia":[{"embeddable":true,"href":"https:\/\/antea-int.com\/es\/wp-json\/wp\/v2\/media\/7795"}],"wp:attachment":[{"href":"https:\/\/antea-int.com\/es\/wp-json\/wp\/v2\/media?parent=7801"}],"wp:term":[{"taxonomy":"category","embeddable":true,"href":"https:\/\/antea-int.com\/es\/wp-json\/wp\/v2\/categories?post=7801"},{"taxonomy":"post_tag","embeddable":true,"href":"https:\/\/antea-int.com\/es\/wp-json\/wp\/v2\/tags?post=7801"}],"curies":[{"name":"wp","href":"https:\/\/api.w.org\/{rel}","templated":true}]}}