{"id":8533,"date":"2020-12-14T11:08:38","date_gmt":"2020-12-14T10:08:38","guid":{"rendered":"https:\/\/antea-int.com\/?p=8533"},"modified":"2023-02-28T16:15:50","modified_gmt":"2023-02-28T15:15:50","slug":"antea-amplia-su-cobertura-de-servicios-legales-en-frankfurt-dando-la-bienvenida-a-tergau-walkenhorst","status":"publish","type":"post","link":"https:\/\/antea-int.com\/es\/noticias\/antea-amplia-su-cobertura-de-servicios-legales-en-frankfurt-dando-la-bienvenida-a-tergau-walkenhorst\/","title":{"rendered":"ANTEA ampl\u00eda su cobertura de servicios legales en Frankfurt dando la bienvenida a Tergau &amp; Walkenhorst"},"content":{"rendered":"<div class=\"vce-row-container\"><div class=\"vce-row vce-row--col-gap-0 vce-row-no-paddings vce-row-equal-height vce-row-content--top\" data-vce-full-width=\"true\" data-vce-stretch-content=\"true\" id=\"el-5d5eb1f3\" data-vce-do-apply=\"all el-5d5eb1f3\"><div class=\"vce-content-background-container\"><\/div><div class=\"vce-row-content\" data-vce-element-content=\"true\"><div class=\"vce-col vce-col--md-auto vce-col--xs-1 vce-col--xs-last vce-col--xs-first vce-col--sm-last vce-col--sm-first vce-col--md-last vce-col--lg-last vce-col--xl-last vce-col--md-first vce-col--lg-first vce-col--xl-first\" id=\"el-a8d85e70\"><div class=\"vce-col-inner\" data-vce-do-apply=\"border margin background  el-a8d85e70\" id=\"service-description\"><div class=\"vce-content-background-container\"><\/div><div class=\"vce-col-content\" data-vce-element-content=\"true\" data-vce-do-apply=\"padding el-a8d85e70\"><div class=\"vce-row-container\" data-vce-boxed-width=\"true\"><div class=\"vce-row vce-row--col-gap-30 vce-row-content--top\" id=\"el-29d57c90\" data-vce-do-apply=\"all el-29d57c90\"><div class=\"vce-row-content\" data-vce-element-content=\"true\"><div class=\"vce-col vce-col--md-66-66p vce-col--xs-1 vce-col--xs-last vce-col--xs-first vce-col--sm-last vce-col--sm-first vce-col--md-first vce-col--lg-first vce-col--xl-first\" id=\"el-e0e16dbf\"><div class=\"vce-col-inner\" data-vce-do-apply=\"border margin background  el-e0e16dbf\"><div class=\"vce-col-content\" data-vce-element-content=\"true\" data-vce-do-apply=\"padding el-e0e16dbf\"><div class=\"vce-text-block bg-white\"><div class=\"vce-text-block-wrapper vce\" id=\"el-1bb438e0\" data-vce-do-apply=\"all el-1bb438e0\"><h2>Antea ampl\u00eda su cobertura en el \u00e1rea legal dando la bienvenida a Tergau &amp; Walkenhorst<\/h2><\/div><\/div><div class=\"vce vce-separator-container vce-separator--align-left vce-separator--style-solid\" id=\"el-a6265bbb\" data-vce-do-apply=\"margin el-a6265bbb\"><div class=\"vce-separator vce-separator--color-b-235-38-41 vce-separator--width-50 vce-separator--thickness-2\" data-vce-do-apply=\"border padding background  el-a6265bbb\"><\/div><\/div><div class=\"vce-text-block bg-white\"><div class=\"vce-text-block-wrapper vce\" id=\"el-f12589ad\" data-vce-do-apply=\"all el-f12589ad\"><p><em>14\/12\/2020 La firma <strong>establecida en Frankfurt desde el a\u00f1o 2000<\/strong>, da cobertura en todas las \u00e1reas de protecci\u00f3n de la propiedad intelectual.<\/em><\/p><p><a href=\"https:\/\/www.tergau-walkenhorst.com\/\">Tergau &amp; Walkenhorst<\/a> posee una larga historia y una muy buena relaci\u00f3n con los clientes, el objetivo principal de la compa\u00f1\u00eda es <strong>asegurar la protecci\u00f3n de los derechos de propiedad<\/strong> de sus clientes garantizando una formaci\u00f3n tanto t\u00e9cnica y jur\u00eddica, una larga experiencia en la industria , as\u00ed como diversas habilidades pr\u00e1cticas.<\/p><p>La empresa asiste a lo largo de todo el proceso, desde la formulaci\u00f3n y aplicaci\u00f3n hasta la puesta en pr\u00e1ctica de sus derechos de propiedad con el prop\u00f3sito principal de <strong>defender cada idea de negocio, innovaci\u00f3n y dise\u00f1o.<\/strong> Tergau &amp; Walkenhorst cuenta con un equipo de 19 profesionales con amplia experiencia en la prestaci\u00f3n de sus servicios a nivel internacional con capacidad de atender a los proyectos en espa\u00f1ol, ingl\u00e9s, franc\u00e9s, chino y alem\u00e1n. <strong>La firma ofrece asesoramiento entre otros en: Derecho de la Competencia, Derechos de Autor, Derecho de Invenci\u00f3n de los Empleados y Derecho Inform\u00e1tico.<\/strong><\/p><p style=\"letter-spacing: 0.16px;\"><span style=\"letter-spacing: 0.16px;\">&nbsp;<\/span><\/p><\/div><\/div><div class=\"vce vce-separator-container vce-separator--align-left vce-separator--style-dotted\" id=\"el-633f370a\" data-vce-do-apply=\"margin el-633f370a\"><div class=\"vce-separator vce-separator--color-ba-0-0-0-0-35 vce-separator--width-50 vce-separator--thickness-2\" data-vce-do-apply=\"border padding background  el-633f370a\"><\/div><\/div><div class=\"vce-text-block bg-white\"><div class=\"vce-text-block-wrapper vce\" id=\"el-de98e780\" data-vce-do-apply=\"all el-de98e780\"><p><a href=\"http:\/\/antea-int.com\/es\/noticias-y-publicaciones\/noticias\/\"><em>volver al listado de noticias<\/em><\/a><\/p><\/div><\/div><\/div><\/div><\/div><div class=\"vce-col vce-col--md-33-34p vce-col--xs-1 vce-col--xs-last vce-col--xs-first vce-col--sm-last vce-col--sm-first vce-col--md-last vce-col--lg-last vce-col--xl-last\" id=\"el-e8340396\"><div class=\"vce-col-inner\" data-vce-do-apply=\"border margin background  el-e8340396\"><div class=\"vce-col-content\" data-vce-element-content=\"true\" data-vce-do-apply=\"padding el-e8340396\"><div class=\"vce-single-image-container vce-single-image--align-left\"><div class=\"vce vce-single-image-wrapper\" id=\"el-08f5552b\" data-vce-do-apply=\"all el-08f5552b\"><figure><div class=\"vce-single-image-figure-inner\"><a href=\"http:\/\/antea-int.com\/nweb\/wp-content\/uploads\/2018\/10\/edf7ed_Brazil.jpg\" data-lightbox=\"lightbox-08f5552b\" class=\"vce-single-image-inner vce-single-image--absolute\" style=\"width: 100%;\"><img decoding=\"async\" class=\"vce-single-image\"  width=\"0\" height=\"0\" src=\"https:\/\/antea-int.com\/nweb\/wp-content\/uploads\/2018\/10\/edf7ed_Brazil.jpg\" data-img-src=\"http:\/\/antea-int.com\/nweb\/wp-content\/uploads\/2018\/10\/edf7ed_Brazil.jpg\" data-attachment-id=\"102\"  alt=\"\" title=\"edf7ed_Brazil\" \/><\/a><\/div><figcaption hidden=\"\"><\/figcaption><\/figure><\/div><\/div><div class=\"vce-single-image-container vce-single-image--align-left\"><div class=\"vce vce-single-image-wrapper\" id=\"el-2a4ef528\" data-vce-do-apply=\"all el-2a4ef528\"><figure><div class=\"vce-single-image-figure-inner\" style=\"width: 661px;\"><a href=\"https:\/\/antea-int.com\/wp-content\/uploads\/2020\/12\/Tergau-Walenhorst.jpg\" data-lightbox=\"lightbox-2a4ef528\" class=\"vce-single-image-inner vce-single-image--absolute\" style=\"width: 100%; padding-bottom: 74.7352%;\"><img decoding=\"async\" class=\"vce-single-image\"  width=\"661\" height=\"494\" srcset=\"https:\/\/antea-int.com\/wp-content\/uploads\/2023\/02\/Tergau-Walenhorst-320x239.jpg 320w, https:\/\/antea-int.com\/wp-content\/uploads\/2023\/02\/Tergau-Walenhorst-480x359.jpg 480w, https:\/\/antea-int.com\/wp-content\/uploads\/2023\/02\/Tergau-Walenhorst-661x494.jpg 661w\" src=\"https:\/\/antea-int.com\/wp-content\/uploads\/2023\/02\/Tergau-Walenhorst-661x494.jpg\" data-img-src=\"https:\/\/antea-int.com\/wp-content\/uploads\/2020\/12\/Tergau-Walenhorst.jpg\" data-attachment-id=\"8529\"  alt=\"\" title=\"Tergau &amp; Walenhorst\" \/><\/a><\/div><figcaption hidden=\"\"><\/figcaption><\/figure><\/div><\/div><\/div><\/div><\/div><div class=\"vce-col vce-col--md-100p vce-col--xs-1 vce-col--xs-last vce-col--xs-first vce-col--sm-last vce-col--sm-first vce-col--md-last vce-col--lg-last vce-col--xl-last vce-col--md-first vce-col--lg-first vce-col--xl-first\" id=\"el-06fcbdef\"><div class=\"vce-col-inner\" data-vce-do-apply=\"border margin background  el-06fcbdef\"><div class=\"vce-col-content\" data-vce-element-content=\"true\" data-vce-do-apply=\"padding el-06fcbdef\"><div><\/div><\/div><\/div><\/div><\/div><\/div><\/div><\/div><\/div><\/div><\/div><\/div><\/div>","protected":false},"excerpt":{"rendered":"<p>14\/12\/2020 La firma establecida en Frankfurt desde el a\u00f1o 2000, da cobertura en todas las \u00e1reas de protecci\u00f3n de la propiedad intelectual.<\/p>\n","protected":false},"author":2,"featured_media":8526,"comment_status":"closed","ping_status":"closed","sticky":false,"template":"","format":"standard","meta":{"_acf_changed":false,"footnotes":""},"categories":[197,4],"tags":[7,88,146],"class_list":["post-8533","post","type-post","status-publish","format-standard","has-post-thumbnail","hentry","category-miembros","category-noticias","tag-nuevos-miembros","tag-miembros","tag-new-member-es"],"acf":[],"yoast_head":"<!-- This site is optimized with the Yoast SEO plugin v26.9 - https:\/\/yoast.com\/product\/yoast-seo-wordpress\/ -->\n<title>ANTEA ampl\u00eda su cobertura de servicios legales en Frankfurt dando la bienvenida a Tergau &amp; Walkenhorst : Antea<\/title>\n<meta name=\"description\" content=\"El nuevo miembro se establecio en Frankfurt desde el a\u00f1o 2000, da cobertura en todas las \u00e1reas de protecci\u00f3n de la propiedad intelectual.\" \/>\n<meta name=\"robots\" content=\"index, follow, max-snippet:-1, max-image-preview:large, max-video-preview:-1\" \/>\n<link rel=\"canonical\" href=\"https:\/\/antea-int.com\/es\/noticias\/antea-amplia-su-cobertura-de-servicios-legales-en-frankfurt-dando-la-bienvenida-a-tergau-walkenhorst\/\" \/>\n<meta property=\"og:locale\" content=\"es_ES\" \/>\n<meta property=\"og:type\" content=\"article\" \/>\n<meta property=\"og:title\" content=\"ANTEA ampl\u00eda su cobertura de servicios legales en Frankfurt dando la bienvenida a Tergau &amp; Walkenhorst : Antea\" \/>\n<meta property=\"og:description\" content=\"El nuevo miembro se establecio en Frankfurt desde el a\u00f1o 2000, da cobertura en todas las \u00e1reas de protecci\u00f3n de la propiedad intelectual.\" \/>\n<meta property=\"og:url\" content=\"https:\/\/antea-int.com\/es\/noticias\/antea-amplia-su-cobertura-de-servicios-legales-en-frankfurt-dando-la-bienvenida-a-tergau-walkenhorst\/\" \/>\n<meta property=\"og:site_name\" content=\"Antea\" \/>\n<meta property=\"article:published_time\" content=\"2020-12-14T10:08:38+00:00\" \/>\n<meta property=\"article:modified_time\" content=\"2023-02-28T15:15:50+00:00\" \/>\n<meta property=\"og:image\" content=\"https:\/\/antea-int.com\/wp-content\/uploads\/2020\/12\/Captura-1.jpg\" \/>\n\t<meta property=\"og:image:width\" content=\"277\" \/>\n\t<meta property=\"og:image:height\" content=\"138\" \/>\n\t<meta property=\"og:image:type\" content=\"image\/jpeg\" \/>\n<meta name=\"author\" content=\"Antea Webmaster\" \/>\n<meta name=\"twitter:card\" content=\"summary_large_image\" \/>\n<meta name=\"twitter:creator\" content=\"@AnteaAlliance\" \/>\n<meta name=\"twitter:site\" content=\"@AnteaAlliance\" \/>\n<meta name=\"twitter:label1\" content=\"Escrito por\" \/>\n\t<meta name=\"twitter:data1\" content=\"Antea Webmaster\" \/>\n\t<meta name=\"twitter:label2\" content=\"Tiempo de lectura\" \/>\n\t<meta name=\"twitter:data2\" content=\"1 minuto\" \/>\n<script type=\"application\/ld+json\" class=\"yoast-schema-graph\">{\"@context\":\"https:\/\/schema.org\",\"@graph\":[{\"@type\":\"Article\",\"@id\":\"https:\/\/antea-int.com\/es\/noticias\/antea-amplia-su-cobertura-de-servicios-legales-en-frankfurt-dando-la-bienvenida-a-tergau-walkenhorst\/#article\",\"isPartOf\":{\"@id\":\"https:\/\/antea-int.com\/es\/noticias\/antea-amplia-su-cobertura-de-servicios-legales-en-frankfurt-dando-la-bienvenida-a-tergau-walkenhorst\/\"},\"author\":{\"name\":\"Antea Webmaster\",\"@id\":\"https:\/\/antea-int.com\/#\/schema\/person\/4ab898f4167b63de5404713af1979a31\"},\"headline\":\"ANTEA ampl\u00eda su cobertura de servicios legales en Frankfurt dando la bienvenida a Tergau &amp; Walkenhorst\",\"datePublished\":\"2020-12-14T10:08:38+00:00\",\"dateModified\":\"2023-02-28T15:15:50+00:00\",\"mainEntityOfPage\":{\"@id\":\"https:\/\/antea-int.com\/es\/noticias\/antea-amplia-su-cobertura-de-servicios-legales-en-frankfurt-dando-la-bienvenida-a-tergau-walkenhorst\/\"},\"wordCount\":228,\"publisher\":{\"@id\":\"https:\/\/antea-int.com\/#organization\"},\"image\":{\"@id\":\"https:\/\/antea-int.com\/es\/noticias\/antea-amplia-su-cobertura-de-servicios-legales-en-frankfurt-dando-la-bienvenida-a-tergau-walkenhorst\/#primaryimage\"},\"thumbnailUrl\":\"https:\/\/antea-int.com\/wp-content\/uploads\/2020\/12\/Captura-1.jpg\",\"keywords\":[\"Nuevos miembros\",\"Miembros\",\"new member\"],\"articleSection\":[\"Miembros\",\"Noticias\"],\"inLanguage\":\"es\"},{\"@type\":\"WebPage\",\"@id\":\"https:\/\/antea-int.com\/es\/noticias\/antea-amplia-su-cobertura-de-servicios-legales-en-frankfurt-dando-la-bienvenida-a-tergau-walkenhorst\/\",\"url\":\"https:\/\/antea-int.com\/es\/noticias\/antea-amplia-su-cobertura-de-servicios-legales-en-frankfurt-dando-la-bienvenida-a-tergau-walkenhorst\/\",\"name\":\"ANTEA ampl\u00eda su cobertura de servicios legales en Frankfurt dando la bienvenida a Tergau &amp; Walkenhorst : Antea\",\"isPartOf\":{\"@id\":\"https:\/\/antea-int.com\/#website\"},\"primaryImageOfPage\":{\"@id\":\"https:\/\/antea-int.com\/es\/noticias\/antea-amplia-su-cobertura-de-servicios-legales-en-frankfurt-dando-la-bienvenida-a-tergau-walkenhorst\/#primaryimage\"},\"image\":{\"@id\":\"https:\/\/antea-int.com\/es\/noticias\/antea-amplia-su-cobertura-de-servicios-legales-en-frankfurt-dando-la-bienvenida-a-tergau-walkenhorst\/#primaryimage\"},\"thumbnailUrl\":\"https:\/\/antea-int.com\/wp-content\/uploads\/2020\/12\/Captura-1.jpg\",\"datePublished\":\"2020-12-14T10:08:38+00:00\",\"dateModified\":\"2023-02-28T15:15:50+00:00\",\"description\":\"El nuevo miembro se establecio en Frankfurt desde el a\u00f1o 2000, da cobertura en todas las \u00e1reas de protecci\u00f3n de la propiedad intelectual.\",\"breadcrumb\":{\"@id\":\"https:\/\/antea-int.com\/es\/noticias\/antea-amplia-su-cobertura-de-servicios-legales-en-frankfurt-dando-la-bienvenida-a-tergau-walkenhorst\/#breadcrumb\"},\"inLanguage\":\"es\",\"potentialAction\":[{\"@type\":\"ReadAction\",\"target\":[\"https:\/\/antea-int.com\/es\/noticias\/antea-amplia-su-cobertura-de-servicios-legales-en-frankfurt-dando-la-bienvenida-a-tergau-walkenhorst\/\"]}]},{\"@type\":\"ImageObject\",\"inLanguage\":\"es\",\"@id\":\"https:\/\/antea-int.com\/es\/noticias\/antea-amplia-su-cobertura-de-servicios-legales-en-frankfurt-dando-la-bienvenida-a-tergau-walkenhorst\/#primaryimage\",\"url\":\"https:\/\/antea-int.com\/wp-content\/uploads\/2020\/12\/Captura-1.jpg\",\"contentUrl\":\"https:\/\/antea-int.com\/wp-content\/uploads\/2020\/12\/Captura-1.jpg\",\"width\":277,\"height\":138},{\"@type\":\"BreadcrumbList\",\"@id\":\"https:\/\/antea-int.com\/es\/noticias\/antea-amplia-su-cobertura-de-servicios-legales-en-frankfurt-dando-la-bienvenida-a-tergau-walkenhorst\/#breadcrumb\",\"itemListElement\":[{\"@type\":\"ListItem\",\"position\":1,\"name\":\"Home\",\"item\":\"https:\/\/antea-int.com\/es\/\"},{\"@type\":\"ListItem\",\"position\":2,\"name\":\"ANTEA ampl\u00eda su cobertura de servicios legales en Frankfurt dando la bienvenida a Tergau &amp; Walkenhorst\"}]},{\"@type\":\"WebSite\",\"@id\":\"https:\/\/antea-int.com\/#website\",\"url\":\"https:\/\/antea-int.com\/\",\"name\":\"Antea\",\"description\":\"Professional Solutions Wordlwide\",\"publisher\":{\"@id\":\"https:\/\/antea-int.com\/#organization\"},\"potentialAction\":[{\"@type\":\"SearchAction\",\"target\":{\"@type\":\"EntryPoint\",\"urlTemplate\":\"https:\/\/antea-int.com\/?s={search_term_string}\"},\"query-input\":{\"@type\":\"PropertyValueSpecification\",\"valueRequired\":true,\"valueName\":\"search_term_string\"}}],\"inLanguage\":\"es\"},{\"@type\":\"Organization\",\"@id\":\"https:\/\/antea-int.com\/#organization\",\"name\":\"Antea Alliance of independent firms\",\"url\":\"https:\/\/antea-int.com\/\",\"logo\":{\"@type\":\"ImageObject\",\"inLanguage\":\"es\",\"@id\":\"https:\/\/antea-int.com\/#\/schema\/logo\/image\/\",\"url\":\"https:\/\/antea-int.com\/wp-content\/uploads\/2024\/07\/cropped-Logo-Antea-150x150-1.png\",\"contentUrl\":\"https:\/\/antea-int.com\/wp-content\/uploads\/2024\/07\/cropped-Logo-Antea-150x150-1.png\",\"width\":150,\"height\":150,\"caption\":\"Antea Alliance of independent firms\"},\"image\":{\"@id\":\"https:\/\/antea-int.com\/#\/schema\/logo\/image\/\"},\"sameAs\":[\"https:\/\/x.com\/AnteaAlliance\",\"https:\/\/www.linkedin.com\/company\/2413082\/\",\"https:\/\/www.youtube.com\/channel\/UCXABuVrCci8n8oIisnnv9SA\"]},{\"@type\":\"Person\",\"@id\":\"https:\/\/antea-int.com\/#\/schema\/person\/4ab898f4167b63de5404713af1979a31\",\"name\":\"Antea Webmaster\",\"image\":{\"@type\":\"ImageObject\",\"inLanguage\":\"es\",\"@id\":\"https:\/\/antea-int.com\/#\/schema\/person\/image\/\",\"url\":\"https:\/\/secure.gravatar.com\/avatar\/2afd2c2e86dc90ef2610d07c415697f3a5a97308aa8aa1dba6e74ba6bc731c2e?s=96&d=mm&r=g\",\"contentUrl\":\"https:\/\/secure.gravatar.com\/avatar\/2afd2c2e86dc90ef2610d07c415697f3a5a97308aa8aa1dba6e74ba6bc731c2e?s=96&d=mm&r=g\",\"caption\":\"Antea Webmaster\"}}]}<\/script>\n<!-- \/ Yoast SEO plugin. -->","yoast_head_json":{"title":"ANTEA ampl\u00eda su cobertura de servicios legales en Frankfurt dando la bienvenida a Tergau &amp; Walkenhorst : Antea","description":"El nuevo miembro se establecio en Frankfurt desde el a\u00f1o 2000, da cobertura en todas las \u00e1reas de protecci\u00f3n de la propiedad intelectual.","robots":{"index":"index","follow":"follow","max-snippet":"max-snippet:-1","max-image-preview":"max-image-preview:large","max-video-preview":"max-video-preview:-1"},"canonical":"https:\/\/antea-int.com\/es\/noticias\/antea-amplia-su-cobertura-de-servicios-legales-en-frankfurt-dando-la-bienvenida-a-tergau-walkenhorst\/","og_locale":"es_ES","og_type":"article","og_title":"ANTEA ampl\u00eda su cobertura de servicios legales en Frankfurt dando la bienvenida a Tergau &amp; Walkenhorst : Antea","og_description":"El nuevo miembro se establecio en Frankfurt desde el a\u00f1o 2000, da cobertura en todas las \u00e1reas de protecci\u00f3n de la propiedad intelectual.","og_url":"https:\/\/antea-int.com\/es\/noticias\/antea-amplia-su-cobertura-de-servicios-legales-en-frankfurt-dando-la-bienvenida-a-tergau-walkenhorst\/","og_site_name":"Antea","article_published_time":"2020-12-14T10:08:38+00:00","article_modified_time":"2023-02-28T15:15:50+00:00","og_image":[{"width":277,"height":138,"url":"https:\/\/antea-int.com\/wp-content\/uploads\/2020\/12\/Captura-1.jpg","type":"image\/jpeg"}],"author":"Antea Webmaster","twitter_card":"summary_large_image","twitter_creator":"@AnteaAlliance","twitter_site":"@AnteaAlliance","twitter_misc":{"Escrito por":"Antea Webmaster","Tiempo de lectura":"1 minuto"},"schema":{"@context":"https:\/\/schema.org","@graph":[{"@type":"Article","@id":"https:\/\/antea-int.com\/es\/noticias\/antea-amplia-su-cobertura-de-servicios-legales-en-frankfurt-dando-la-bienvenida-a-tergau-walkenhorst\/#article","isPartOf":{"@id":"https:\/\/antea-int.com\/es\/noticias\/antea-amplia-su-cobertura-de-servicios-legales-en-frankfurt-dando-la-bienvenida-a-tergau-walkenhorst\/"},"author":{"name":"Antea Webmaster","@id":"https:\/\/antea-int.com\/#\/schema\/person\/4ab898f4167b63de5404713af1979a31"},"headline":"ANTEA ampl\u00eda su cobertura de servicios legales en Frankfurt dando la bienvenida a Tergau &amp; Walkenhorst","datePublished":"2020-12-14T10:08:38+00:00","dateModified":"2023-02-28T15:15:50+00:00","mainEntityOfPage":{"@id":"https:\/\/antea-int.com\/es\/noticias\/antea-amplia-su-cobertura-de-servicios-legales-en-frankfurt-dando-la-bienvenida-a-tergau-walkenhorst\/"},"wordCount":228,"publisher":{"@id":"https:\/\/antea-int.com\/#organization"},"image":{"@id":"https:\/\/antea-int.com\/es\/noticias\/antea-amplia-su-cobertura-de-servicios-legales-en-frankfurt-dando-la-bienvenida-a-tergau-walkenhorst\/#primaryimage"},"thumbnailUrl":"https:\/\/antea-int.com\/wp-content\/uploads\/2020\/12\/Captura-1.jpg","keywords":["Nuevos miembros","Miembros","new member"],"articleSection":["Miembros","Noticias"],"inLanguage":"es"},{"@type":"WebPage","@id":"https:\/\/antea-int.com\/es\/noticias\/antea-amplia-su-cobertura-de-servicios-legales-en-frankfurt-dando-la-bienvenida-a-tergau-walkenhorst\/","url":"https:\/\/antea-int.com\/es\/noticias\/antea-amplia-su-cobertura-de-servicios-legales-en-frankfurt-dando-la-bienvenida-a-tergau-walkenhorst\/","name":"ANTEA ampl\u00eda su cobertura de servicios legales en Frankfurt dando la bienvenida a Tergau &amp; Walkenhorst : Antea","isPartOf":{"@id":"https:\/\/antea-int.com\/#website"},"primaryImageOfPage":{"@id":"https:\/\/antea-int.com\/es\/noticias\/antea-amplia-su-cobertura-de-servicios-legales-en-frankfurt-dando-la-bienvenida-a-tergau-walkenhorst\/#primaryimage"},"image":{"@id":"https:\/\/antea-int.com\/es\/noticias\/antea-amplia-su-cobertura-de-servicios-legales-en-frankfurt-dando-la-bienvenida-a-tergau-walkenhorst\/#primaryimage"},"thumbnailUrl":"https:\/\/antea-int.com\/wp-content\/uploads\/2020\/12\/Captura-1.jpg","datePublished":"2020-12-14T10:08:38+00:00","dateModified":"2023-02-28T15:15:50+00:00","description":"El nuevo miembro se establecio en Frankfurt desde el a\u00f1o 2000, da cobertura en todas las \u00e1reas de protecci\u00f3n de la propiedad intelectual.","breadcrumb":{"@id":"https:\/\/antea-int.com\/es\/noticias\/antea-amplia-su-cobertura-de-servicios-legales-en-frankfurt-dando-la-bienvenida-a-tergau-walkenhorst\/#breadcrumb"},"inLanguage":"es","potentialAction":[{"@type":"ReadAction","target":["https:\/\/antea-int.com\/es\/noticias\/antea-amplia-su-cobertura-de-servicios-legales-en-frankfurt-dando-la-bienvenida-a-tergau-walkenhorst\/"]}]},{"@type":"ImageObject","inLanguage":"es","@id":"https:\/\/antea-int.com\/es\/noticias\/antea-amplia-su-cobertura-de-servicios-legales-en-frankfurt-dando-la-bienvenida-a-tergau-walkenhorst\/#primaryimage","url":"https:\/\/antea-int.com\/wp-content\/uploads\/2020\/12\/Captura-1.jpg","contentUrl":"https:\/\/antea-int.com\/wp-content\/uploads\/2020\/12\/Captura-1.jpg","width":277,"height":138},{"@type":"BreadcrumbList","@id":"https:\/\/antea-int.com\/es\/noticias\/antea-amplia-su-cobertura-de-servicios-legales-en-frankfurt-dando-la-bienvenida-a-tergau-walkenhorst\/#breadcrumb","itemListElement":[{"@type":"ListItem","position":1,"name":"Home","item":"https:\/\/antea-int.com\/es\/"},{"@type":"ListItem","position":2,"name":"ANTEA ampl\u00eda su cobertura de servicios legales en Frankfurt dando la bienvenida a Tergau &amp; Walkenhorst"}]},{"@type":"WebSite","@id":"https:\/\/antea-int.com\/#website","url":"https:\/\/antea-int.com\/","name":"Antea","description":"Professional Solutions Wordlwide","publisher":{"@id":"https:\/\/antea-int.com\/#organization"},"potentialAction":[{"@type":"SearchAction","target":{"@type":"EntryPoint","urlTemplate":"https:\/\/antea-int.com\/?s={search_term_string}"},"query-input":{"@type":"PropertyValueSpecification","valueRequired":true,"valueName":"search_term_string"}}],"inLanguage":"es"},{"@type":"Organization","@id":"https:\/\/antea-int.com\/#organization","name":"Antea Alliance of independent firms","url":"https:\/\/antea-int.com\/","logo":{"@type":"ImageObject","inLanguage":"es","@id":"https:\/\/antea-int.com\/#\/schema\/logo\/image\/","url":"https:\/\/antea-int.com\/wp-content\/uploads\/2024\/07\/cropped-Logo-Antea-150x150-1.png","contentUrl":"https:\/\/antea-int.com\/wp-content\/uploads\/2024\/07\/cropped-Logo-Antea-150x150-1.png","width":150,"height":150,"caption":"Antea Alliance of independent firms"},"image":{"@id":"https:\/\/antea-int.com\/#\/schema\/logo\/image\/"},"sameAs":["https:\/\/x.com\/AnteaAlliance","https:\/\/www.linkedin.com\/company\/2413082\/","https:\/\/www.youtube.com\/channel\/UCXABuVrCci8n8oIisnnv9SA"]},{"@type":"Person","@id":"https:\/\/antea-int.com\/#\/schema\/person\/4ab898f4167b63de5404713af1979a31","name":"Antea Webmaster","image":{"@type":"ImageObject","inLanguage":"es","@id":"https:\/\/antea-int.com\/#\/schema\/person\/image\/","url":"https:\/\/secure.gravatar.com\/avatar\/2afd2c2e86dc90ef2610d07c415697f3a5a97308aa8aa1dba6e74ba6bc731c2e?s=96&d=mm&r=g","contentUrl":"https:\/\/secure.gravatar.com\/avatar\/2afd2c2e86dc90ef2610d07c415697f3a5a97308aa8aa1dba6e74ba6bc731c2e?s=96&d=mm&r=g","caption":"Antea Webmaster"}}]}},"images":{"medium":"https:\/\/antea-int.com\/wp-content\/uploads\/2020\/12\/Captura-1.jpg","large":"https:\/\/antea-int.com\/wp-content\/uploads\/2020\/12\/Captura-1.jpg"},"_links":{"self":[{"href":"https:\/\/antea-int.com\/es\/wp-json\/wp\/v2\/posts\/8533","targetHints":{"allow":["GET"]}}],"collection":[{"href":"https:\/\/antea-int.com\/es\/wp-json\/wp\/v2\/posts"}],"about":[{"href":"https:\/\/antea-int.com\/es\/wp-json\/wp\/v2\/types\/post"}],"author":[{"embeddable":true,"href":"https:\/\/antea-int.com\/es\/wp-json\/wp\/v2\/users\/2"}],"replies":[{"embeddable":true,"href":"https:\/\/antea-int.com\/es\/wp-json\/wp\/v2\/comments?post=8533"}],"version-history":[{"count":3,"href":"https:\/\/antea-int.com\/es\/wp-json\/wp\/v2\/posts\/8533\/revisions"}],"predecessor-version":[{"id":12934,"href":"https:\/\/antea-int.com\/es\/wp-json\/wp\/v2\/posts\/8533\/revisions\/12934"}],"wp:featuredmedia":[{"embeddable":true,"href":"https:\/\/antea-int.com\/es\/wp-json\/wp\/v2\/media\/8526"}],"wp:attachment":[{"href":"https:\/\/antea-int.com\/es\/wp-json\/wp\/v2\/media?parent=8533"}],"wp:term":[{"taxonomy":"category","embeddable":true,"href":"https:\/\/antea-int.com\/es\/wp-json\/wp\/v2\/categories?post=8533"},{"taxonomy":"post_tag","embeddable":true,"href":"https:\/\/antea-int.com\/es\/wp-json\/wp\/v2\/tags?post=8533"}],"curies":[{"name":"wp","href":"https:\/\/api.w.org\/{rel}","templated":true}]}}